	{"id":2730,"date":"2021-02-22T16:59:00","date_gmt":"2021-02-22T17:59:00","guid":{"rendered":"https:\/\/nortecrescente.pt\/web\/?p=2730"},"modified":"2021-03-01T15:15:47","modified_gmt":"2021-03-01T16:15:47","slug":"campanha-da-contra-a-violencia-no-namoro","status":"publish","type":"post","link":"https:\/\/nortecrescente.pt\/web\/campanha-da-contra-a-violencia-no-namoro","title":{"rendered":"Campanha Contra a Viol\u00eancia no Namoro"},"content":{"rendered":"\n<p>A viol\u00eancia no namoro n\u00e3o \u00e9 apenas um problema de alguns jovens ou de alguns casais. \u00c9 um problema social! As crian\u00e7as e jovens est\u00e3o em fase de crescimento, de forma\u00e7\u00e3o da sua identidade e personalidade. \u00c9 nestas fases que eles constroem o seu conceito de relacionamento interpessoal, pelo que \u00e9 fulcral que os primeiros relacionamentos \u00edntimos sejam saud\u00e1veis pois s\u00e3o estes que definem as suas rela\u00e7\u00f5es futuras. Os dados relativos \u00e0 viol\u00eancia no namoro mostram que quase metade das adolescentes do sexo feminino e mais de um quarto dos adolescentes do sexo masculino j\u00e1 experienciaram um relacionamento abusivo. Uma em cada dez adolescentes do sexo feminino j\u00e1 foi agredida pelo seu namorado e cerca de 80% destas mant\u00eam o seu relacionamento, ap\u00f3s a agress\u00e3o f\u00edsica. Apesar dos dados estat\u00edsticos serem preocupantes \u00e9 a pr\u00f3pria legitima\u00e7\u00e3o dos comportamentos abusivos que torna necess\u00e1rio um trabalho de sensibiliza\u00e7\u00e3o. A realidade dos A\u00e7ores demonstra que quase 70% das v\u00edtimas de relacionamentos abusivos legitimam pelo menos um comportamento, sendo os comportamentos de controlo e persegui\u00e7\u00e3o aqueles com maior \u00edndice de legitima\u00e7\u00e3o. Ciente do impacto que esta problem\u00e1tica tem na sua zona de interven\u00e7\u00e3o e nas comunidades que dela fazem parte, a Norte Crescente pretende desenvolver um conjunto de iniciativas junto das crian\u00e7as e jovens benefici\u00e1rias das suas respostas de forma a que eles reflitam sobre as atitudes e ideias que possuem sobre os relacionamentos afetivos, sobre si pr\u00f3prios(as), enquanto homens e mulheres, acerca das v\u00e1rias formas de abuso (permitindo identificar se s\u00e3o v\u00edtimas) e de que forma se poder\u00e3o tornar atores principais no combate aos relacionamentos abusivos, dentro das suas pr\u00f3prias comunidades de origem.<\/p>\n\n\n\n<div class=\"wp-container-2 wp-block-columns\">\n<div class=\"wp-container-1 wp-block-column\" style=\"flex-basis:100%\">\n<div class=\"wp-block-image\"><figure class=\"aligncenter size-large\"><a href=\"https:\/\/nortecrescente.pt\/web\/wp-content\/uploads\/2021\/02\/Violencia-Namoro-Jovens.jpg\"><img loading=\"lazy\" width=\"500\" height=\"500\" src=\"https:\/\/nortecrescente.pt\/web\/wp-content\/uploads\/2021\/02\/Violencia-Namoro-Jovens.jpg\" alt=\"\" class=\"wp-image-2758\" srcset=\"https:\/\/nortecrescente.pt\/web\/wp-content\/uploads\/2021\/02\/Violencia-Namoro-Jovens.jpg 500w, https:\/\/nortecrescente.pt\/web\/wp-content\/uploads\/2021\/02\/Violencia-Namoro-Jovens-300x300.jpg 300w, https:\/\/nortecrescente.pt\/web\/wp-content\/uploads\/2021\/02\/Violencia-Namoro-Jovens-150x150.jpg 150w\" sizes=\"(max-width: 500px) 100vw, 500px\" \/><\/a><\/figure><\/div>\n\n\n\n<div class=\"wp-block-image\"><figure class=\"aligncenter size-large\"><a href=\"https:\/\/nortecrescente.pt\/web\/wp-content\/uploads\/2021\/02\/Violencia-Digital.jpg\"><img loading=\"lazy\" width=\"600\" height=\"849\" src=\"https:\/\/nortecrescente.pt\/web\/wp-content\/uploads\/2021\/02\/Violencia-Digital.jpg\" alt=\"\" class=\"wp-image-2761\" srcset=\"https:\/\/nortecrescente.pt\/web\/wp-content\/uploads\/2021\/02\/Violencia-Digital.jpg 600w, https:\/\/nortecrescente.pt\/web\/wp-content\/uploads\/2021\/02\/Violencia-Digital-212x300.jpg 212w\" sizes=\"(max-width: 600px) 100vw, 600px\" \/><\/a><\/figure><\/div>\n\n\n\n<figure class=\"wp-block-video aligncenter\"><video controls src=\"https:\/\/nortecrescente.pt\/web\/wp-content\/uploads\/2021\/02\/Violencia-Psicologica.mp4\"><\/video><\/figure>\n\n\n\n<p><\/p>\n\n\n\n<figure class=\"wp-block-video aligncenter\"><video controls src=\"https:\/\/nortecrescente.pt\/web\/wp-content\/uploads\/2021\/02\/O-que-significa-consentir-uma-relacao-sexual.mp4\"><\/video><\/figure>\n\n\n\n<div class=\"wp-block-image\"><figure class=\"aligncenter size-large\"><a href=\"https:\/\/nortecrescente.pt\/web\/wp-content\/uploads\/2021\/02\/Caminhos-para-um-relacionamento-saudavel.jpg\"><img loading=\"lazy\" width=\"1000\" height=\"667\" src=\"https:\/\/nortecrescente.pt\/web\/wp-content\/uploads\/2021\/02\/Caminhos-para-um-relacionamento-saudavel.jpg\" alt=\"\" class=\"wp-image-2763\" srcset=\"https:\/\/nortecrescente.pt\/web\/wp-content\/uploads\/2021\/02\/Caminhos-para-um-relacionamento-saudavel.jpg 1000w, https:\/\/nortecrescente.pt\/web\/wp-content\/uploads\/2021\/02\/Caminhos-para-um-relacionamento-saudavel-300x200.jpg 300w, https:\/\/nortecrescente.pt\/web\/wp-content\/uploads\/2021\/02\/Caminhos-para-um-relacionamento-saudavel-768x512.jpg 768w\" sizes=\"(max-width: 1000px) 100vw, 1000px\" \/><\/a><\/figure><\/div>\n<\/div>\n<\/div>\n\n\n\n<p><\/p>\n","protected":false},"excerpt":{"rendered":"<p>A viol\u00eancia no namoro n\u00e3o \u00e9 apenas um problema de alguns jovens ou de alguns casais. \u00c9 um problema social! As crian\u00e7as e jovens est\u00e3o em fase de crescimento, de &#8230;<\/p>\n","protected":false},"author":1,"featured_media":2758,"comment_status":"open","ping_status":"open","sticky":false,"template":"","format":"standard","meta":{"ngg_post_thumbnail":0},"categories":[2],"tags":[],"featured_image_urls":{"full":["https:\/\/nortecrescente.pt\/web\/wp-content\/uploads\/2021\/02\/Violencia-Namoro-Jovens.jpg",500,500,false],"thumbnail":["https:\/\/nortecrescente.pt\/web\/wp-content\/uploads\/2021\/02\/Violencia-Namoro-Jovens-150x150.jpg",150,150,true],"medium":["https:\/\/nortecrescente.pt\/web\/wp-content\/uploads\/2021\/02\/Violencia-Namoro-Jovens-300x300.jpg",300,300,true],"medium_large":["https:\/\/nortecrescente.pt\/web\/wp-content\/uploads\/2021\/02\/Violencia-Namoro-Jovens.jpg",500,500,false],"large":["https:\/\/nortecrescente.pt\/web\/wp-content\/uploads\/2021\/02\/Violencia-Namoro-Jovens.jpg",500,500,false],"1536x1536":["https:\/\/nortecrescente.pt\/web\/wp-content\/uploads\/2021\/02\/Violencia-Namoro-Jovens.jpg",500,500,false],"2048x2048":["https:\/\/nortecrescente.pt\/web\/wp-content\/uploads\/2021\/02\/Violencia-Namoro-Jovens.jpg",500,500,false],"onepress-blog-small":["https:\/\/nortecrescente.pt\/web\/wp-content\/uploads\/2021\/02\/Violencia-Namoro-Jovens-300x150.jpg",300,150,true],"onepress-small":["https:\/\/nortecrescente.pt\/web\/wp-content\/uploads\/2021\/02\/Violencia-Namoro-Jovens-480x300.jpg",480,300,true],"onepress-medium":["https:\/\/nortecrescente.pt\/web\/wp-content\/uploads\/2021\/02\/Violencia-Namoro-Jovens-500x400.jpg",500,400,true]},"post_excerpt_stackable":"<p>A viol\u00eancia no namoro n\u00e3o \u00e9 apenas um problema de alguns jovens ou de alguns casais. \u00c9 um problema social! As crian\u00e7as e jovens est\u00e3o em fase de crescimento, de forma\u00e7\u00e3o da sua identidade e personalidade. \u00c9 nestas fases que eles constroem o seu conceito de relacionamento interpessoal, pelo que \u00e9 fulcral que os primeiros relacionamentos \u00edntimos sejam saud\u00e1veis pois s\u00e3o estes que definem as suas rela\u00e7\u00f5es futuras. Os dados relativos \u00e0 viol\u00eancia no namoro mostram que quase metade das adolescentes do sexo feminino e mais de um quarto dos adolescentes do sexo masculino j\u00e1 experienciaram um relacionamento abusivo. Uma&hellip;<\/p>\n","category_list":"<a href=\"https:\/\/nortecrescente.pt\/web\/category\/noticias\" rel=\"category tag\">Not\u00edcias<\/a>","author_info":{"name":"Norte Crescente","url":"https:\/\/nortecrescente.pt\/web\/author\/adminnc2033"},"comments_num":"0 comments","featured_image_urls_v2":{"full":["https:\/\/nortecrescente.pt\/web\/wp-content\/uploads\/2021\/02\/Violencia-Namoro-Jovens.jpg",500,500,false],"thumbnail":["https:\/\/nortecrescente.pt\/web\/wp-content\/uploads\/2021\/02\/Violencia-Namoro-Jovens-150x150.jpg",150,150,true],"medium":["https:\/\/nortecrescente.pt\/web\/wp-content\/uploads\/2021\/02\/Violencia-Namoro-Jovens-300x300.jpg",300,300,true],"medium_large":["https:\/\/nortecrescente.pt\/web\/wp-content\/uploads\/2021\/02\/Violencia-Namoro-Jovens.jpg",500,500,false],"large":["https:\/\/nortecrescente.pt\/web\/wp-content\/uploads\/2021\/02\/Violencia-Namoro-Jovens.jpg",500,500,false],"1536x1536":["https:\/\/nortecrescente.pt\/web\/wp-content\/uploads\/2021\/02\/Violencia-Namoro-Jovens.jpg",500,500,false],"2048x2048":["https:\/\/nortecrescente.pt\/web\/wp-content\/uploads\/2021\/02\/Violencia-Namoro-Jovens.jpg",500,500,false],"onepress-blog-small":["https:\/\/nortecrescente.pt\/web\/wp-content\/uploads\/2021\/02\/Violencia-Namoro-Jovens-300x150.jpg",300,150,true],"onepress-small":["https:\/\/nortecrescente.pt\/web\/wp-content\/uploads\/2021\/02\/Violencia-Namoro-Jovens-480x300.jpg",480,300,true],"onepress-medium":["https:\/\/nortecrescente.pt\/web\/wp-content\/uploads\/2021\/02\/Violencia-Namoro-Jovens-500x400.jpg",500,400,true]},"post_excerpt_stackable_v2":"<p>A viol\u00eancia no namoro n\u00e3o \u00e9 apenas um problema de alguns jovens ou de alguns casais. \u00c9 um problema social! As crian\u00e7as e jovens est\u00e3o em fase de crescimento, de forma\u00e7\u00e3o da sua identidade e personalidade. \u00c9 nestas fases que eles constroem o seu conceito de relacionamento interpessoal, pelo que \u00e9 fulcral que os primeiros relacionamentos \u00edntimos sejam saud\u00e1veis pois s\u00e3o estes que definem as suas rela\u00e7\u00f5es futuras. Os dados relativos \u00e0 viol\u00eancia no namoro mostram que quase metade das adolescentes do sexo feminino e mais de um quarto dos adolescentes do sexo masculino j\u00e1 experienciaram um relacionamento abusivo. Uma&hellip;<\/p>\n","category_list_v2":"<a href=\"https:\/\/nortecrescente.pt\/web\/category\/noticias\" rel=\"category tag\">Not\u00edcias<\/a>","author_info_v2":{"name":"Norte Crescente","url":"https:\/\/nortecrescente.pt\/web\/author\/adminnc2033"},"comments_num_v2":"0 comments","_links":{"self":[{"href":"https:\/\/nortecrescente.pt\/web\/wp-json\/wp\/v2\/posts\/2730"}],"collection":[{"href":"https:\/\/nortecrescente.pt\/web\/wp-json\/wp\/v2\/posts"}],"about":[{"href":"https:\/\/nortecrescente.pt\/web\/wp-json\/wp\/v2\/types\/post"}],"author":[{"embeddable":true,"href":"https:\/\/nortecrescente.pt\/web\/wp-json\/wp\/v2\/users\/1"}],"replies":[{"embeddable":true,"href":"https:\/\/nortecrescente.pt\/web\/wp-json\/wp\/v2\/comments?post=2730"}],"version-history":[{"count":18,"href":"https:\/\/nortecrescente.pt\/web\/wp-json\/wp\/v2\/posts\/2730\/revisions"}],"predecessor-version":[{"id":2784,"href":"https:\/\/nortecrescente.pt\/web\/wp-json\/wp\/v2\/posts\/2730\/revisions\/2784"}],"wp:featuredmedia":[{"embeddable":true,"href":"https:\/\/nortecrescente.pt\/web\/wp-json\/wp\/v2\/media\/2758"}],"wp:attachment":[{"href":"https:\/\/nortecrescente.pt\/web\/wp-json\/wp\/v2\/media?parent=2730"}],"wp:term":[{"taxonomy":"category","embeddable":true,"href":"https:\/\/nortecrescente.pt\/web\/wp-json\/wp\/v2\/categories?post=2730"},{"taxonomy":"post_tag","embeddable":true,"href":"https:\/\/nortecrescente.pt\/web\/wp-json\/wp\/v2\/tags?post=2730"}],"curies":[{"name":"wp","href":"https:\/\/api.w.org\/{rel}","templated":true}]}}