	{"id":3412,"date":"2021-12-15T12:02:49","date_gmt":"2021-12-15T13:02:49","guid":{"rendered":"https:\/\/nortecrescente.pt\/web\/?p=3412"},"modified":"2022-01-28T15:56:57","modified_gmt":"2022-01-28T16:56:57","slug":"mercadinho-de-natal-2021","status":"publish","type":"post","link":"https:\/\/nortecrescente.pt\/web\/mercadinho-de-natal-2021","title":{"rendered":"Mercadinho de Natal 2021"},"content":{"rendered":"<p>Ao longo desta semana entre as 14:00 e as 18:30 continuamos com o<strong> Mercadinho de Natal &#8211; Associa\u00e7\u00e3o Norte Crescente<\/strong> e o respetivo Bar de Natal a funcionar na Quinta do Norte.<br>O Mercadinho conta com artesanato, do\u00e7aria, licores e produtos locais.<br>Aproveite em fam\u00edlia ou com amigos e desfrute do nosso mercadinho.<br>Estejam atentos, em breve mais novidades!<\/p>\n\n\n<figure class=\"wp-block-image size-large\"><a href=\"https:\/\/nortecrescente.pt\/web\/wp-content\/uploads\/2021\/12\/MercadinhodeNatal-1.jpg\"><img src=\"https:\/\/nortecrescente.pt\/web\/wp-content\/uploads\/2021\/12\/MercadinhodeNatal-1-1024x724.jpg\" alt=\"\" class=\"wp-image-3414\"\/><\/a><\/figure>\n","protected":false},"excerpt":{"rendered":"<p>Ao longo desta semana entre as 14:00 e as 18:30 continuamos com o Mercadinho de Natal &#8211; Associa\u00e7\u00e3o Norte Crescente e o respetivo Bar de Natal a funcionar na Quinta &#8230;<\/p>\n","protected":false},"author":1,"featured_media":3513,"comment_status":"closed","ping_status":"closed","sticky":false,"template":"","format":"standard","meta":{"ngg_post_thumbnail":0},"categories":[1],"tags":[],"featured_image_urls":{"full":["https:\/\/nortecrescente.pt\/web\/wp-content\/uploads\/2021\/12\/MercadinhodeNatal-1-1024x724-1.jpg",724,724,false],"thumbnail":["https:\/\/nortecrescente.pt\/web\/wp-content\/uploads\/2021\/12\/MercadinhodeNatal-1-1024x724-1-150x150.jpg",150,150,true],"medium":["https:\/\/nortecrescente.pt\/web\/wp-content\/uploads\/2021\/12\/MercadinhodeNatal-1-1024x724-1-300x300.jpg",300,300,true],"medium_large":["https:\/\/nortecrescente.pt\/web\/wp-content\/uploads\/2021\/12\/MercadinhodeNatal-1-1024x724-1.jpg",724,724,false],"large":["https:\/\/nortecrescente.pt\/web\/wp-content\/uploads\/2021\/12\/MercadinhodeNatal-1-1024x724-1.jpg",724,724,false],"1536x1536":["https:\/\/nortecrescente.pt\/web\/wp-content\/uploads\/2021\/12\/MercadinhodeNatal-1-1024x724-1.jpg",724,724,false],"2048x2048":["https:\/\/nortecrescente.pt\/web\/wp-content\/uploads\/2021\/12\/MercadinhodeNatal-1-1024x724-1.jpg",724,724,false],"onepress-blog-small":["https:\/\/nortecrescente.pt\/web\/wp-content\/uploads\/2021\/12\/MercadinhodeNatal-1-1024x724-1-300x150.jpg",300,150,true],"onepress-small":["https:\/\/nortecrescente.pt\/web\/wp-content\/uploads\/2021\/12\/MercadinhodeNatal-1-1024x724-1-480x300.jpg",480,300,true],"onepress-medium":["https:\/\/nortecrescente.pt\/web\/wp-content\/uploads\/2021\/12\/MercadinhodeNatal-1-1024x724-1-640x400.jpg",640,400,true]},"post_excerpt_stackable":"<p>Ao longo desta semana entre as 14:00 e as 18:30 continuamos com o Mercadinho de Natal &#8211; Associa\u00e7\u00e3o Norte Crescente e o respetivo Bar de Natal a funcionar na Quinta do Norte.O Mercadinho conta com artesanato, do\u00e7aria, licores e produtos locais.Aproveite em fam\u00edlia ou com amigos e desfrute do nosso mercadinho.Estejam atentos, em breve mais novidades!<\/p>\n","category_list":"<a href=\"https:\/\/nortecrescente.pt\/web\/category\/uncategorized\" rel=\"category tag\">Uncategorized<\/a>","author_info":{"name":"Norte Crescente","url":"https:\/\/nortecrescente.pt\/web\/author\/adminnc2033"},"comments_num":"0 comments","featured_image_urls_v2":{"full":["https:\/\/nortecrescente.pt\/web\/wp-content\/uploads\/2021\/12\/MercadinhodeNatal-1-1024x724-1.jpg",724,724,false],"thumbnail":["https:\/\/nortecrescente.pt\/web\/wp-content\/uploads\/2021\/12\/MercadinhodeNatal-1-1024x724-1-150x150.jpg",150,150,true],"medium":["https:\/\/nortecrescente.pt\/web\/wp-content\/uploads\/2021\/12\/MercadinhodeNatal-1-1024x724-1-300x300.jpg",300,300,true],"medium_large":["https:\/\/nortecrescente.pt\/web\/wp-content\/uploads\/2021\/12\/MercadinhodeNatal-1-1024x724-1.jpg",724,724,false],"large":["https:\/\/nortecrescente.pt\/web\/wp-content\/uploads\/2021\/12\/MercadinhodeNatal-1-1024x724-1.jpg",724,724,false],"1536x1536":["https:\/\/nortecrescente.pt\/web\/wp-content\/uploads\/2021\/12\/MercadinhodeNatal-1-1024x724-1.jpg",724,724,false],"2048x2048":["https:\/\/nortecrescente.pt\/web\/wp-content\/uploads\/2021\/12\/MercadinhodeNatal-1-1024x724-1.jpg",724,724,false],"onepress-blog-small":["https:\/\/nortecrescente.pt\/web\/wp-content\/uploads\/2021\/12\/MercadinhodeNatal-1-1024x724-1-300x150.jpg",300,150,true],"onepress-small":["https:\/\/nortecrescente.pt\/web\/wp-content\/uploads\/2021\/12\/MercadinhodeNatal-1-1024x724-1-480x300.jpg",480,300,true],"onepress-medium":["https:\/\/nortecrescente.pt\/web\/wp-content\/uploads\/2021\/12\/MercadinhodeNatal-1-1024x724-1-640x400.jpg",640,400,true]},"post_excerpt_stackable_v2":"<p>Ao longo desta semana entre as 14:00 e as 18:30 continuamos com o Mercadinho de Natal &#8211; Associa\u00e7\u00e3o Norte Crescente e o respetivo Bar de Natal a funcionar na Quinta do Norte.O Mercadinho conta com artesanato, do\u00e7aria, licores e produtos locais.Aproveite em fam\u00edlia ou com amigos e desfrute do nosso mercadinho.Estejam atentos, em breve mais novidades!<\/p>\n","category_list_v2":"<a href=\"https:\/\/nortecrescente.pt\/web\/category\/uncategorized\" rel=\"category tag\">Uncategorized<\/a>","author_info_v2":{"name":"Norte Crescente","url":"https:\/\/nortecrescente.pt\/web\/author\/adminnc2033"},"comments_num_v2":"0 comments","_links":{"self":[{"href":"https:\/\/nortecrescente.pt\/web\/wp-json\/wp\/v2\/posts\/3412"}],"collection":[{"href":"https:\/\/nortecrescente.pt\/web\/wp-json\/wp\/v2\/posts"}],"about":[{"href":"https:\/\/nortecrescente.pt\/web\/wp-json\/wp\/v2\/types\/post"}],"author":[{"embeddable":true,"href":"https:\/\/nortecrescente.pt\/web\/wp-json\/wp\/v2\/users\/1"}],"replies":[{"embeddable":true,"href":"https:\/\/nortecrescente.pt\/web\/wp-json\/wp\/v2\/comments?post=3412"}],"version-history":[{"count":1,"href":"https:\/\/nortecrescente.pt\/web\/wp-json\/wp\/v2\/posts\/3412\/revisions"}],"predecessor-version":[{"id":3415,"href":"https:\/\/nortecrescente.pt\/web\/wp-json\/wp\/v2\/posts\/3412\/revisions\/3415"}],"wp:featuredmedia":[{"embeddable":true,"href":"https:\/\/nortecrescente.pt\/web\/wp-json\/wp\/v2\/media\/3513"}],"wp:attachment":[{"href":"https:\/\/nortecrescente.pt\/web\/wp-json\/wp\/v2\/media?parent=3412"}],"wp:term":[{"taxonomy":"category","embeddable":true,"href":"https:\/\/nortecrescente.pt\/web\/wp-json\/wp\/v2\/categories?post=3412"},{"taxonomy":"post_tag","embeddable":true,"href":"https:\/\/nortecrescente.pt\/web\/wp-json\/wp\/v2\/tags?post=3412"}],"curies":[{"name":"wp","href":"https:\/\/api.w.org\/{rel}","templated":true}]}}