	{"id":3657,"date":"2023-01-24T16:25:37","date_gmt":"2023-01-24T17:25:37","guid":{"rendered":"https:\/\/nortecrescente.pt\/web\/?p=3657"},"modified":"2023-01-24T16:42:44","modified_gmt":"2023-01-24T17:42:44","slug":"festa-do-inhame-2023-remedios-pdl","status":"publish","type":"post","link":"https:\/\/nortecrescente.pt\/web\/festa-do-inhame-2023-remedios-pdl","title":{"rendered":"Festival do Inhame 2023 &#8211; Rem\u00e9dios PDL"},"content":{"rendered":"\n<p>A dinamiza\u00e7\u00e3o do evento do Festival do Inhame parte de uma organiza\u00e7\u00e3o conjunta entre a freguesia dos Rem\u00e9dios, da Norte Crescente e da C\u00e2mara Municipal de Ponta Delgada, contando ainda com o apoio de outras institui\u00e7\u00f5es locais, juntas de freguesia lim\u00edtrofes, Clube dos Rem\u00e9dios, Par\u00f3quia dos Rem\u00e9dios, Escuteiros da Bretanha, Filarm\u00f3nica N. Sra. dos Rem\u00e9dios e demais popula\u00e7\u00e3o e empres\u00e1rios locais.<\/p>\n\n\n\n<p>A freguesia dos Rem\u00e9dios \u00e9 uma freguesia repleta de beleza natural que pode ser apreciada nos seus diversos miradouros. Em v\u00e1rias zonas \u00e9 poss\u00edvel encontrar os seus fontan\u00e1rios, pias, ermidas e triatos. S\u00e3o anos de uma freguesia constru\u00edda pelo orgulho e trabalho de todos os que l\u00e1 passam que contribuem para o seu bem-estar e desenvolvimento.<\/p>\n\n\n\n<p>O Festival do Inhame pretende valorizar a produ\u00e7\u00e3o e consumo do inhame, tradicionalmente produzido na zona da Bretanha, mas com elevada presen\u00e7a na Freguesia dos Rem\u00e9dios. \u00c9 um evento onde se pretende recriar a hist\u00f3ria e a cultura do inhame, demonstrando a sua cultura, mas tamb\u00e9m todo o seu aproveitamento gastron\u00f3mico, apresentando as v\u00e1rias iguarias existentes e apostando em introdu\u00e7\u00e3o de alguns elementos de inova\u00e7\u00e3o e modernidade.<\/p>\n\n\n\n<p>O Festival do Inhame de 2023 \u00e9 realizado no fim de semana de 2 a 5 de fevereiro de 2023, em que o primeiro dia (quinta-feira) \u00e9 para a promo\u00e7\u00e3o e envolvimento Intrafreguesia e os restantes dias para apostar numa maior proje\u00e7\u00e3o regional, ao n\u00edvel da ilha de S. Miguel, da cultura do inhame. O acesso e participa\u00e7\u00e3o no evento \u00e9 gratuita. Em termos de programa\u00e7\u00e3o a Festa do Inhame aposta nas seguintes iniciativas:<\/p>\n\n\n\n<p>&nbsp;&nbsp;&nbsp;&nbsp;&nbsp;&nbsp;&nbsp;&nbsp;&nbsp;&nbsp;&nbsp;&nbsp;&nbsp;&nbsp;&nbsp;&nbsp;&nbsp;&nbsp;&nbsp;&nbsp;&nbsp;&nbsp;&nbsp;&nbsp;&nbsp;&nbsp;&nbsp;&nbsp;&nbsp;&nbsp; &#8211; Tarde de anima\u00e7\u00e3o com crian\u00e7as e idosos \u2013 2 e 5 de fevereiro<\/p>\n\n\n\n<p>&nbsp;&nbsp;&nbsp;&nbsp;&nbsp;&nbsp;&nbsp;&nbsp;&nbsp;&nbsp;&nbsp;&nbsp;&nbsp;&nbsp;&nbsp;&nbsp;&nbsp;&nbsp;&nbsp;&nbsp;&nbsp;&nbsp;&nbsp;&nbsp;&nbsp;&nbsp;&nbsp;&nbsp;&nbsp;&nbsp; &#8211; Concurso Gastron\u00f3mico associado ao Inhame \u2013 4 de fevereiro<\/p>\n\n\n\n<p>&nbsp;&nbsp;&nbsp;&nbsp;&nbsp;&nbsp;&nbsp;&nbsp;&nbsp;&nbsp;&nbsp;&nbsp;&nbsp;&nbsp;&nbsp;&nbsp;&nbsp;&nbsp;&nbsp;&nbsp;&nbsp;&nbsp;&nbsp;&nbsp;&nbsp;&nbsp;&nbsp;&nbsp;&nbsp;&nbsp; &#8211; Barracas com Gastronomia Regional \u2013 2, 3, 4 e 5 de fevereiro<\/p>\n\n\n\n<p>&nbsp;&nbsp;&nbsp;&nbsp;&nbsp;&nbsp;&nbsp;&nbsp;&nbsp;&nbsp;&nbsp;&nbsp;&nbsp;&nbsp;&nbsp;&nbsp;&nbsp;&nbsp;&nbsp;&nbsp;&nbsp;&nbsp;&nbsp;&nbsp;&nbsp;&nbsp;&nbsp;&nbsp;&nbsp;&nbsp; &#8211; Anima\u00e7\u00e3o noturna \u2013 2, 3 e 4 de fevereiro<\/p>\n\n\n\n<p>O evento ser\u00e1 polarizado no pavilh\u00e3o da freguesia dos Rem\u00e9dios e decorrer\u00e1 maioritariamente no seu interior e utilizando as infraestruturas existentes. A componente da alimenta\u00e7\u00e3o e bebidas ser\u00e1 suportada por barracas de organiza\u00e7\u00f5es c\u00edvicas locais, todas elas com a miss\u00e3o de vender produtos gastron\u00f3micos tradicionais. A anima\u00e7\u00e3o musical do evento ir\u00e1 apostar em trazer cantores e\/ou artistas da m\u00fasica popular nacional, possibilitando \u00e0s popula\u00e7\u00f5es residentes o contacto e usufruto de um espet\u00e1culo que normalmente n\u00e3o ocorre em S. Miguel, assumindo como um elemento diferenciador dos restantes eventos regionais e alternativa aos denominados festivais de Ver\u00e3o, uma vez que o evento \u00e9 orientado para todas as faixas et\u00e1rias, mas sobretudo para uma popula\u00e7\u00e3o com mais idade.<\/p>\n\n\n\n<p>O investimento do projeto prev\u00ea a aquisi\u00e7\u00e3o de equipamentos e servi\u00e7os necess\u00e1rios para a implementa\u00e7\u00e3o da Festa do Inhame de 2023, nas suas diferentes vertentes culturais: etnogr\u00e1ficas, artesanato, gastron\u00f3mica, anima\u00e7\u00e3o e m\u00fasica. Deste modo os investimentos encontram-se divididos nas diferentes componentes: Prepara\u00e7\u00e3o e instala\u00e7\u00e3o de equipamentos; Licenciamentos, Promo\u00e7\u00e3o, Anima\u00e7\u00e3o Cultural e Musical.<\/p>\n\n\n<div class=\"wp-block-image\">\n<figure class=\"aligncenter size-large is-resized\"><a href=\"https:\/\/nortecrescente.pt\/web\/wp-content\/uploads\/2023\/01\/Cartaz-Geral-Novo.jpg\"><img loading=\"lazy\" src=\"https:\/\/nortecrescente.pt\/web\/wp-content\/uploads\/2023\/01\/Cartaz-Geral-Novo-724x1024.jpg\" alt=\"\" class=\"wp-image-3658\" width=\"276\" height=\"390\" srcset=\"https:\/\/nortecrescente.pt\/web\/wp-content\/uploads\/2023\/01\/Cartaz-Geral-Novo-724x1024.jpg 724w, https:\/\/nortecrescente.pt\/web\/wp-content\/uploads\/2023\/01\/Cartaz-Geral-Novo-212x300.jpg 212w, https:\/\/nortecrescente.pt\/web\/wp-content\/uploads\/2023\/01\/Cartaz-Geral-Novo-768x1086.jpg 768w, https:\/\/nortecrescente.pt\/web\/wp-content\/uploads\/2023\/01\/Cartaz-Geral-Novo-1086x1536.jpg 1086w, https:\/\/nortecrescente.pt\/web\/wp-content\/uploads\/2023\/01\/Cartaz-Geral-Novo-1448x2048.jpg 1448w, https:\/\/nortecrescente.pt\/web\/wp-content\/uploads\/2023\/01\/Cartaz-Geral-Novo.jpg 1587w\" sizes=\"(max-width: 276px) 100vw, 276px\" \/><\/a><\/figure><\/div>\n\n\n<p style=\"font-size:10px\">Criado a 24 janeiro 2023<\/p>\n","protected":false},"excerpt":{"rendered":"<p>A dinamiza\u00e7\u00e3o do evento do Festival do Inhame parte de uma organiza\u00e7\u00e3o conjunta entre a freguesia dos Rem\u00e9dios, da Norte Crescente e da C\u00e2mara Municipal de Ponta Delgada, contando ainda &#8230;<\/p>\n","protected":false},"author":1,"featured_media":3659,"comment_status":"closed","ping_status":"open","sticky":false,"template":"","format":"standard","meta":{"ngg_post_thumbnail":0},"categories":[2],"tags":[33,30],"featured_image_urls":{"full":["https:\/\/nortecrescente.pt\/web\/wp-content\/uploads\/2023\/01\/Cartaz-Geral-Novo-1.jpg",1587,2245,false],"thumbnail":["https:\/\/nortecrescente.pt\/web\/wp-content\/uploads\/2023\/01\/Cartaz-Geral-Novo-1-150x150.jpg",150,150,true],"medium":["https:\/\/nortecrescente.pt\/web\/wp-content\/uploads\/2023\/01\/Cartaz-Geral-Novo-1-212x300.jpg",212,300,true],"medium_large":["https:\/\/nortecrescente.pt\/web\/wp-content\/uploads\/2023\/01\/Cartaz-Geral-Novo-1-768x1086.jpg",768,1086,true],"large":["https:\/\/nortecrescente.pt\/web\/wp-content\/uploads\/2023\/01\/Cartaz-Geral-Novo-1-724x1024.jpg",724,1024,true],"1536x1536":["https:\/\/nortecrescente.pt\/web\/wp-content\/uploads\/2023\/01\/Cartaz-Geral-Novo-1-1086x1536.jpg",1086,1536,true],"2048x2048":["https:\/\/nortecrescente.pt\/web\/wp-content\/uploads\/2023\/01\/Cartaz-Geral-Novo-1-1448x2048.jpg",1448,2048,true],"onepress-blog-small":["https:\/\/nortecrescente.pt\/web\/wp-content\/uploads\/2023\/01\/Cartaz-Geral-Novo-1-300x150.jpg",300,150,true],"onepress-small":["https:\/\/nortecrescente.pt\/web\/wp-content\/uploads\/2023\/01\/Cartaz-Geral-Novo-1-480x300.jpg",480,300,true],"onepress-medium":["https:\/\/nortecrescente.pt\/web\/wp-content\/uploads\/2023\/01\/Cartaz-Geral-Novo-1-640x400.jpg",640,400,true]},"post_excerpt_stackable":"<p>A dinamiza\u00e7\u00e3o do evento do Festival do Inhame parte de uma organiza\u00e7\u00e3o conjunta entre a freguesia dos Rem\u00e9dios, da Norte Crescente e da C\u00e2mara Municipal de Ponta Delgada, contando ainda com o apoio de outras institui\u00e7\u00f5es locais, juntas de freguesia lim\u00edtrofes, Clube dos Rem\u00e9dios, Par\u00f3quia dos Rem\u00e9dios, Escuteiros da Bretanha, Filarm\u00f3nica N. Sra. dos Rem\u00e9dios e demais popula\u00e7\u00e3o e empres\u00e1rios locais. A freguesia dos Rem\u00e9dios \u00e9 uma freguesia repleta de beleza natural que pode ser apreciada nos seus diversos miradouros. Em v\u00e1rias zonas \u00e9 poss\u00edvel encontrar os seus fontan\u00e1rios, pias, ermidas e triatos. S\u00e3o anos de uma freguesia constru\u00edda pelo&hellip;<\/p>\n","category_list":"<a href=\"https:\/\/nortecrescente.pt\/web\/category\/noticias\" rel=\"category tag\">Not\u00edcias<\/a>","author_info":{"name":"Norte Crescente","url":"https:\/\/nortecrescente.pt\/web\/author\/adminnc2033"},"comments_num":"0 comments","featured_image_urls_v2":{"full":["https:\/\/nortecrescente.pt\/web\/wp-content\/uploads\/2023\/01\/Cartaz-Geral-Novo-1.jpg",1587,2245,false],"thumbnail":["https:\/\/nortecrescente.pt\/web\/wp-content\/uploads\/2023\/01\/Cartaz-Geral-Novo-1-150x150.jpg",150,150,true],"medium":["https:\/\/nortecrescente.pt\/web\/wp-content\/uploads\/2023\/01\/Cartaz-Geral-Novo-1-212x300.jpg",212,300,true],"medium_large":["https:\/\/nortecrescente.pt\/web\/wp-content\/uploads\/2023\/01\/Cartaz-Geral-Novo-1-768x1086.jpg",768,1086,true],"large":["https:\/\/nortecrescente.pt\/web\/wp-content\/uploads\/2023\/01\/Cartaz-Geral-Novo-1-724x1024.jpg",724,1024,true],"1536x1536":["https:\/\/nortecrescente.pt\/web\/wp-content\/uploads\/2023\/01\/Cartaz-Geral-Novo-1-1086x1536.jpg",1086,1536,true],"2048x2048":["https:\/\/nortecrescente.pt\/web\/wp-content\/uploads\/2023\/01\/Cartaz-Geral-Novo-1-1448x2048.jpg",1448,2048,true],"onepress-blog-small":["https:\/\/nortecrescente.pt\/web\/wp-content\/uploads\/2023\/01\/Cartaz-Geral-Novo-1-300x150.jpg",300,150,true],"onepress-small":["https:\/\/nortecrescente.pt\/web\/wp-content\/uploads\/2023\/01\/Cartaz-Geral-Novo-1-480x300.jpg",480,300,true],"onepress-medium":["https:\/\/nortecrescente.pt\/web\/wp-content\/uploads\/2023\/01\/Cartaz-Geral-Novo-1-640x400.jpg",640,400,true]},"post_excerpt_stackable_v2":"<p>A dinamiza\u00e7\u00e3o do evento do Festival do Inhame parte de uma organiza\u00e7\u00e3o conjunta entre a freguesia dos Rem\u00e9dios, da Norte Crescente e da C\u00e2mara Municipal de Ponta Delgada, contando ainda com o apoio de outras institui\u00e7\u00f5es locais, juntas de freguesia lim\u00edtrofes, Clube dos Rem\u00e9dios, Par\u00f3quia dos Rem\u00e9dios, Escuteiros da Bretanha, Filarm\u00f3nica N. Sra. dos Rem\u00e9dios e demais popula\u00e7\u00e3o e empres\u00e1rios locais. A freguesia dos Rem\u00e9dios \u00e9 uma freguesia repleta de beleza natural que pode ser apreciada nos seus diversos miradouros. Em v\u00e1rias zonas \u00e9 poss\u00edvel encontrar os seus fontan\u00e1rios, pias, ermidas e triatos. S\u00e3o anos de uma freguesia constru\u00edda pelo&hellip;<\/p>\n","category_list_v2":"<a href=\"https:\/\/nortecrescente.pt\/web\/category\/noticias\" rel=\"category tag\">Not\u00edcias<\/a>","author_info_v2":{"name":"Norte Crescente","url":"https:\/\/nortecrescente.pt\/web\/author\/adminnc2033"},"comments_num_v2":"0 comments","_links":{"self":[{"href":"https:\/\/nortecrescente.pt\/web\/wp-json\/wp\/v2\/posts\/3657"}],"collection":[{"href":"https:\/\/nortecrescente.pt\/web\/wp-json\/wp\/v2\/posts"}],"about":[{"href":"https:\/\/nortecrescente.pt\/web\/wp-json\/wp\/v2\/types\/post"}],"author":[{"embeddable":true,"href":"https:\/\/nortecrescente.pt\/web\/wp-json\/wp\/v2\/users\/1"}],"replies":[{"embeddable":true,"href":"https:\/\/nortecrescente.pt\/web\/wp-json\/wp\/v2\/comments?post=3657"}],"version-history":[{"count":4,"href":"https:\/\/nortecrescente.pt\/web\/wp-json\/wp\/v2\/posts\/3657\/revisions"}],"predecessor-version":[{"id":3671,"href":"https:\/\/nortecrescente.pt\/web\/wp-json\/wp\/v2\/posts\/3657\/revisions\/3671"}],"wp:featuredmedia":[{"embeddable":true,"href":"https:\/\/nortecrescente.pt\/web\/wp-json\/wp\/v2\/media\/3659"}],"wp:attachment":[{"href":"https:\/\/nortecrescente.pt\/web\/wp-json\/wp\/v2\/media?parent=3657"}],"wp:term":[{"taxonomy":"category","embeddable":true,"href":"https:\/\/nortecrescente.pt\/web\/wp-json\/wp\/v2\/categories?post=3657"},{"taxonomy":"post_tag","embeddable":true,"href":"https:\/\/nortecrescente.pt\/web\/wp-json\/wp\/v2\/tags?post=3657"}],"curies":[{"name":"wp","href":"https:\/\/api.w.org\/{rel}","templated":true}]}}