	{"id":3720,"date":"2023-05-31T10:35:53","date_gmt":"2023-05-31T11:35:53","guid":{"rendered":"https:\/\/nortecrescente.pt\/web\/?p=3720"},"modified":"2023-05-31T10:43:51","modified_gmt":"2023-05-31T11:43:51","slug":"relatorio-de-contas-de-2022","status":"publish","type":"post","link":"https:\/\/nortecrescente.pt\/web\/relatorio-de-contas-de-2022","title":{"rendered":"Relat\u00f3rio de Atividades e de Contas de 2022"},"content":{"rendered":"\n<p>O des\u00edgnio da Norte Crescente est\u00e1 na necessidade de uma maior interven\u00e7\u00e3o e de um maior acompanhamento de proximidade da popula\u00e7\u00e3o carenciada de modo a que se consiga criar situa\u00e7\u00f5es de rutura nos ciclos viciosos existentes e alavancar o processo de integra\u00e7\u00e3o social e de melhoria das condi\u00e7\u00f5es de vida das pessoas. O desenvolvimento transversal do trabalho da Norte Crescente suporta-se no princ\u00edpio de que se torna necess\u00e1rio conhecer e acompanhar as pessoas, o seu contexto e enquadramento, suportando-se numa filosofia orientada para acreditar nas pessoas, em que se estabele\u00e7a um acompanhamento coresponsabilizado das pessoas com necessidades.<\/p>\n\n\n\n<p>Cientes de que o presente esfor\u00e7o s\u00f3 ter\u00e1 sucesso se todos os intervenientes (colaboradores, parceiros, fornecedores e entidades financiadoras) apoiarem o trabalho que se pretende desenvolver em prol da sustentabilidade da Norte Crescente, apela-se sistematicamente \u00e0 compreens\u00e3o e a uma ajuda efetiva por parte de todos, ainda que compreendemos que esse esfor\u00e7o ter\u00e1 sempre que partir dos atuais corpos sociais e dos colaboradores. \u00c9 na mobiliza\u00e7\u00e3o, esfor\u00e7o e criatividade dos corpos sociais e dos colaboradores que se agilizar\u00e1 todo o processo de ajustamento da Norte Crescente necess\u00e1rio.<\/p>\n\n\n\n<p>No ano de 2022 \u00e9 poss\u00edvel apresentar uma melhoria da situa\u00e7\u00e3o financeira da Norte Crescente, por\u00e9m para a concretiza\u00e7\u00e3o desses resultados muito contribu\u00edram fatores extraordin\u00e1rios que n\u00e3o se preveem que voltem a ocorrer, por isso compete-nos alertar para a necessidade de continuarmos o processo de estabiliza\u00e7\u00e3o da situa\u00e7\u00e3o financeira, sobretudo quando se verifica um aumento significativo da taxa de infla\u00e7\u00e3o que se reflete num aumento dos custos de funcionamento e de estrutura da Norte Crescente. Estes resultados positivos permitem ainda aumentar o capital pr\u00f3prio da Norte Crescente e regularizar processos de alguns financiamentos n\u00e3o concretizados, pelo que cada vez mais as contas da Norte Crescente evidenciam o seu estado com uma maior clareza, logicamente que estes resultados positivos n\u00e3o s\u00e3o o objetivo da Norte Crescente, mas surgem proporcionalmente e diretamente relacionados com o pagamento das d\u00edvidas existentes, j\u00e1 que os valores extraordin\u00e1rios e a poupan\u00e7a que se consegue gerar \u00e9 completamente alocada para a regulariza\u00e7\u00e3o dos valores pendentes.<\/p>\n\n\n\n<p>De acordo com os elementos apurados pela contabilidade em 2022 registou-se um volume de proveitos e receitas de 538.165,41 euros, maioritariamente obtido atrav\u00e9s de subs\u00eddios de explora\u00e7\u00e3o (467.061,17 euros), outros rendimentos e ganhos (28.668,62 euros) e em vendas e presta\u00e7\u00e3o de servi\u00e7os (32.422,62 euros), que j\u00e1 evidenciam um ajustamento face ao levantamento de algumas medidas mais restritivas do COVID-19. Relativamente \u00e0s despesas e gastos, atingiu-se um montante global de 444.418,88 euros, repartido em fornecimentos e servi\u00e7os externos (88.042,14 euros), gastos com pessoal (306.371,94 euros) e outros gastos e perdas (47.444,48 euros). Estes gastos e perdas seguem a linha de opera\u00e7\u00e3o do ano de 2021.<\/p>\n\n\n\n<p>Deste modo, em 2022 obteve-se um resultado operacional EBITDA positivo de 93.746,53 euros, por\u00e9m considerando outros gastos, amortiza\u00e7\u00f5es, deprecia\u00e7\u00f5es, custos de financiamentos obtidos e impostos, apurou-se um resultado l\u00edquido do exerc\u00edcio positivo de 45.106,20 euros. Este resultado acaba por ser a consequ\u00eancia natural do esfor\u00e7o que est\u00e1 a ser feito ao n\u00edvel da regulariza\u00e7\u00e3o das d\u00edvidas existentes e em que todo o dinheiro que se consegue libertar da atividade \u00e9 direcionado para o pagamento dessas d\u00edvidas. Este esfor\u00e7o n\u00e3o inibe o correto funcionamento das respostas sociais, mas limita o seu desenvolvimento e aprofundamento. Salienta-se que em 2022 foi poss\u00edvel regularizar todos os valores pendentes e por pagar a colaboradores, ainda que essa regulariza\u00e7\u00e3o possa por em causa, durante o ano de 2023, a execu\u00e7\u00e3o de alguns projetos.<\/p>\n\n\n\n<p>Para mais informa\u00e7\u00f5es pode ser consultado o Relat\u00f3rio de Atividades e Contas de 2022 no seguinte link: <a href=\"https:\/\/nortecrescente.pt\/web\/wp-content\/uploads\/2023\/05\/22.05.-relatorio-atividades-e-contas-2022-Norte-Crescente.pdf\" data-type=\"URL\" data-id=\"https:\/\/nortecrescente.pt\/web\/wp-content\/uploads\/2023\/05\/22.05.-relatorio-atividades-e-contas-2022-Norte-Crescente.pdf\">https:\/\/nortecrescente.pt\/web\/wp-content\/uploads\/2023\/05\/22.05.-relatorio-atividades-e-contas-2022-Norte-Crescente.pdf<\/a><\/p>\n\n\n\n<p>#NC #nortecrescente #acreditarnaspessoas #prestarcontas<\/p>\n\n\n\n<p><\/p>\n","protected":false},"excerpt":{"rendered":"<p>O des\u00edgnio da Norte Crescente est\u00e1 na necessidade de uma maior interven\u00e7\u00e3o e de um maior acompanhamento de proximidade da popula\u00e7\u00e3o carenciada de modo a que se consiga criar situa\u00e7\u00f5es &#8230;<\/p>\n","protected":false},"author":1,"featured_media":3722,"comment_status":"closed","ping_status":"open","sticky":false,"template":"","format":"standard","meta":{"ngg_post_thumbnail":0},"categories":[2],"tags":[31,34,30],"featured_image_urls":{"full":["https:\/\/nortecrescente.pt\/web\/wp-content\/uploads\/2023\/05\/imagem-do-relatorio-de-contas-1.png",684,488,false],"thumbnail":["https:\/\/nortecrescente.pt\/web\/wp-content\/uploads\/2023\/05\/imagem-do-relatorio-de-contas-1-150x150.png",150,150,true],"medium":["https:\/\/nortecrescente.pt\/web\/wp-content\/uploads\/2023\/05\/imagem-do-relatorio-de-contas-1-300x214.png",300,214,true],"medium_large":["https:\/\/nortecrescente.pt\/web\/wp-content\/uploads\/2023\/05\/imagem-do-relatorio-de-contas-1.png",684,488,false],"large":["https:\/\/nortecrescente.pt\/web\/wp-content\/uploads\/2023\/05\/imagem-do-relatorio-de-contas-1.png",684,488,false],"1536x1536":["https:\/\/nortecrescente.pt\/web\/wp-content\/uploads\/2023\/05\/imagem-do-relatorio-de-contas-1.png",684,488,false],"2048x2048":["https:\/\/nortecrescente.pt\/web\/wp-content\/uploads\/2023\/05\/imagem-do-relatorio-de-contas-1.png",684,488,false],"onepress-blog-small":["https:\/\/nortecrescente.pt\/web\/wp-content\/uploads\/2023\/05\/imagem-do-relatorio-de-contas-1-300x150.png",300,150,true],"onepress-small":["https:\/\/nortecrescente.pt\/web\/wp-content\/uploads\/2023\/05\/imagem-do-relatorio-de-contas-1-480x300.png",480,300,true],"onepress-medium":["https:\/\/nortecrescente.pt\/web\/wp-content\/uploads\/2023\/05\/imagem-do-relatorio-de-contas-1-640x400.png",640,400,true]},"post_excerpt_stackable":"<p>O des\u00edgnio da Norte Crescente est\u00e1 na necessidade de uma maior interven\u00e7\u00e3o e de um maior acompanhamento de proximidade da popula\u00e7\u00e3o carenciada de modo a que se consiga criar situa\u00e7\u00f5es de rutura nos ciclos viciosos existentes e alavancar o processo de integra\u00e7\u00e3o social e de melhoria das condi\u00e7\u00f5es de vida das pessoas. O desenvolvimento transversal do trabalho da Norte Crescente suporta-se no princ\u00edpio de que se torna necess\u00e1rio conhecer e acompanhar as pessoas, o seu contexto e enquadramento, suportando-se numa filosofia orientada para acreditar nas pessoas, em que se estabele\u00e7a um acompanhamento coresponsabilizado das pessoas com necessidades. Cientes de que&hellip;<\/p>\n","category_list":"<a href=\"https:\/\/nortecrescente.pt\/web\/category\/noticias\" rel=\"category tag\">Not\u00edcias<\/a>","author_info":{"name":"Norte Crescente","url":"https:\/\/nortecrescente.pt\/web\/author\/adminnc2033"},"comments_num":"0 comments","featured_image_urls_v2":{"full":["https:\/\/nortecrescente.pt\/web\/wp-content\/uploads\/2023\/05\/imagem-do-relatorio-de-contas-1.png",684,488,false],"thumbnail":["https:\/\/nortecrescente.pt\/web\/wp-content\/uploads\/2023\/05\/imagem-do-relatorio-de-contas-1-150x150.png",150,150,true],"medium":["https:\/\/nortecrescente.pt\/web\/wp-content\/uploads\/2023\/05\/imagem-do-relatorio-de-contas-1-300x214.png",300,214,true],"medium_large":["https:\/\/nortecrescente.pt\/web\/wp-content\/uploads\/2023\/05\/imagem-do-relatorio-de-contas-1.png",684,488,false],"large":["https:\/\/nortecrescente.pt\/web\/wp-content\/uploads\/2023\/05\/imagem-do-relatorio-de-contas-1.png",684,488,false],"1536x1536":["https:\/\/nortecrescente.pt\/web\/wp-content\/uploads\/2023\/05\/imagem-do-relatorio-de-contas-1.png",684,488,false],"2048x2048":["https:\/\/nortecrescente.pt\/web\/wp-content\/uploads\/2023\/05\/imagem-do-relatorio-de-contas-1.png",684,488,false],"onepress-blog-small":["https:\/\/nortecrescente.pt\/web\/wp-content\/uploads\/2023\/05\/imagem-do-relatorio-de-contas-1-300x150.png",300,150,true],"onepress-small":["https:\/\/nortecrescente.pt\/web\/wp-content\/uploads\/2023\/05\/imagem-do-relatorio-de-contas-1-480x300.png",480,300,true],"onepress-medium":["https:\/\/nortecrescente.pt\/web\/wp-content\/uploads\/2023\/05\/imagem-do-relatorio-de-contas-1-640x400.png",640,400,true]},"post_excerpt_stackable_v2":"<p>O des\u00edgnio da Norte Crescente est\u00e1 na necessidade de uma maior interven\u00e7\u00e3o e de um maior acompanhamento de proximidade da popula\u00e7\u00e3o carenciada de modo a que se consiga criar situa\u00e7\u00f5es de rutura nos ciclos viciosos existentes e alavancar o processo de integra\u00e7\u00e3o social e de melhoria das condi\u00e7\u00f5es de vida das pessoas. O desenvolvimento transversal do trabalho da Norte Crescente suporta-se no princ\u00edpio de que se torna necess\u00e1rio conhecer e acompanhar as pessoas, o seu contexto e enquadramento, suportando-se numa filosofia orientada para acreditar nas pessoas, em que se estabele\u00e7a um acompanhamento coresponsabilizado das pessoas com necessidades. Cientes de que&hellip;<\/p>\n","category_list_v2":"<a href=\"https:\/\/nortecrescente.pt\/web\/category\/noticias\" rel=\"category tag\">Not\u00edcias<\/a>","author_info_v2":{"name":"Norte Crescente","url":"https:\/\/nortecrescente.pt\/web\/author\/adminnc2033"},"comments_num_v2":"0 comments","_links":{"self":[{"href":"https:\/\/nortecrescente.pt\/web\/wp-json\/wp\/v2\/posts\/3720"}],"collection":[{"href":"https:\/\/nortecrescente.pt\/web\/wp-json\/wp\/v2\/posts"}],"about":[{"href":"https:\/\/nortecrescente.pt\/web\/wp-json\/wp\/v2\/types\/post"}],"author":[{"embeddable":true,"href":"https:\/\/nortecrescente.pt\/web\/wp-json\/wp\/v2\/users\/1"}],"replies":[{"embeddable":true,"href":"https:\/\/nortecrescente.pt\/web\/wp-json\/wp\/v2\/comments?post=3720"}],"version-history":[{"count":3,"href":"https:\/\/nortecrescente.pt\/web\/wp-json\/wp\/v2\/posts\/3720\/revisions"}],"predecessor-version":[{"id":3724,"href":"https:\/\/nortecrescente.pt\/web\/wp-json\/wp\/v2\/posts\/3720\/revisions\/3724"}],"wp:featuredmedia":[{"embeddable":true,"href":"https:\/\/nortecrescente.pt\/web\/wp-json\/wp\/v2\/media\/3722"}],"wp:attachment":[{"href":"https:\/\/nortecrescente.pt\/web\/wp-json\/wp\/v2\/media?parent=3720"}],"wp:term":[{"taxonomy":"category","embeddable":true,"href":"https:\/\/nortecrescente.pt\/web\/wp-json\/wp\/v2\/categories?post=3720"},{"taxonomy":"post_tag","embeddable":true,"href":"https:\/\/nortecrescente.pt\/web\/wp-json\/wp\/v2\/tags?post=3720"}],"curies":[{"name":"wp","href":"https:\/\/api.w.org\/{rel}","templated":true}]}}