	{"id":3786,"date":"2024-05-13T21:31:33","date_gmt":"2024-05-13T22:31:33","guid":{"rendered":"https:\/\/nortecrescente.pt\/web\/?p=3786"},"modified":"2024-05-13T21:31:35","modified_gmt":"2024-05-13T22:31:35","slug":"comemoracao-dia-mundial-da-crianca-na-norte-crescente-1-a-7-de-junho-de-2024","status":"publish","type":"post","link":"https:\/\/nortecrescente.pt\/web\/comemoracao-dia-mundial-da-crianca-na-norte-crescente-1-a-7-de-junho-de-2024","title":{"rendered":"Comemora\u00e7\u00e3o Dia Mundial da Crian\u00e7a na Norte Crescente &#8211; 1 a 7 de Junho de 2024"},"content":{"rendered":"\n<p>O Dia Mundial da Crian\u00e7a \u00e9 um dia com muito significado para a Norte Crescente que acredita que deve ser vivido com muito entusiasmo, divers\u00e3o e alegria por todas as crian\u00e7as.\u00a0Assim, a Norte Crescente volta a ser palco de mais uma festa dedicada a todas as crian\u00e7as, em especial as crian\u00e7as, jovens e fam\u00edlias do territ\u00f3rio de interven\u00e7\u00e3o.<\/p>\n\n\n\n<p>No dia <strong>1 de Junho, entre as 10h e as 16h, todas as fam\u00edlias est\u00e3o convidadas a trazer as suas crian\u00e7as at\u00e9 \u00e0 Quinta do Norte<\/strong>. De <strong>3 a 7 Junho, entre as 10h e as 12h toda a comunidade escolar est\u00e1<\/strong>, tamb\u00e9m, convidada a vir celebrar o Dia da Crian\u00e7a na Quinta do Norte.\u00a0<\/p>\n\n\n\n<p>E porque comemorar o Dia da Crian\u00e7a \u00e9 uma forma de homenage\u00e1-las e faze-las sentirem-se especiais, esta iniciativa pretende proporcionar momentos de divers\u00e3o, criatividade e muita magia sob o tema\u00a0<strong>&#8220;Viagem ao Mundo dos Contos Infantis&#8221;.<\/strong> Uma viagem recheada de bons momentos passados no Mundo da Capuchinho Vermelho, Tr\u00eas Porquinhos, M\u00fasicos de Bremen e pelo Mundo do Jo\u00e3o e o P\u00e9 de Feij\u00e3o.<\/p>\n\n\n\n<p>Cada uma das viagens ao mundo infantil ir\u00e1 proporcionar a cada crian\u00e7a contatar com personagens encantadoras e divertidas que ir\u00e3o permitir que cada uma enfrente deliciosos desafios, descubra segredos misteriosos, mas acima de tudo desfrutem da magia dos contos infantis.<\/p>\n\n\n\n<p>Este dia, que se estender\u00e1 por toda a semana, ser\u00e1 mais um momento para celebrarmos a alegria de ser crian\u00e7a, bem como termos a consci\u00eancia que todas possuem o direito ao amor, educa\u00e7\u00e3o, prote\u00e7\u00e3o e divers\u00e3o.\u00a0<\/p>\n\n\n\n<p class=\"has-small-font-size\"><\/p>\n\n\n\n<div class=\"wp-container-1 wp-block-group\"><div class=\"wp-block-group__inner-container\">\n<div class=\"wp-block-stackable-columns stk-block-columns stk-block stk-93c1424\" data-block-id=\"93c1424\"><div class=\"stk-row stk-inner-blocks stk-block-content stk-content-align stk-93c1424-column\">\n<div class=\"wp-block-stackable-column stk-block-column stk-column stk-block stk-93d0e82\" data-block-id=\"93d0e82\"><div class=\"stk-column-wrapper stk-block-column__content stk-container stk-93d0e82-container stk--no-background stk--no-padding\"><div class=\"stk-block-content stk-inner-blocks\">\n<figure class=\"wp-block-image size-large\"><a href=\"https:\/\/nortecrescente.pt\/web\/wp-content\/uploads\/2024\/05\/24-cartaz-2-crianca-Copia.jpg\"><img loading=\"lazy\" width=\"1024\" height=\"537\" src=\"https:\/\/nortecrescente.pt\/web\/wp-content\/uploads\/2024\/05\/24-cartaz-2-crianca-Copia-1024x537.jpg\" alt=\"\" class=\"wp-image-3790\" srcset=\"https:\/\/nortecrescente.pt\/web\/wp-content\/uploads\/2024\/05\/24-cartaz-2-crianca-Copia-1024x537.jpg 1024w, https:\/\/nortecrescente.pt\/web\/wp-content\/uploads\/2024\/05\/24-cartaz-2-crianca-Copia-300x157.jpg 300w, https:\/\/nortecrescente.pt\/web\/wp-content\/uploads\/2024\/05\/24-cartaz-2-crianca-Copia-768x403.jpg 768w, https:\/\/nortecrescente.pt\/web\/wp-content\/uploads\/2024\/05\/24-cartaz-2-crianca-Copia.jpg 1129w\" sizes=\"(max-width: 1024px) 100vw, 1024px\" \/><\/a><\/figure>\n<\/div><\/div><\/div>\n<\/div><\/div>\n<\/div><\/div>\n\n\n\n<p style=\"font-size:7px\">Publicado: 13 maio 2024<\/p>\n","protected":false},"excerpt":{"rendered":"<p>O Dia Mundial da Crian\u00e7a \u00e9 um dia com muito significado para a Norte Crescente que acredita que deve ser vivido com muito entusiasmo, divers\u00e3o e alegria por todas as &#8230;<\/p>\n","protected":false},"author":1,"featured_media":3789,"comment_status":"closed","ping_status":"open","sticky":false,"template":"","format":"standard","meta":{"ngg_post_thumbnail":0},"categories":[2],"tags":[],"featured_image_urls":{"full":["https:\/\/nortecrescente.pt\/web\/wp-content\/uploads\/2024\/05\/24-cartaz-2-crianca-1.jpg",940,788,false],"thumbnail":["https:\/\/nortecrescente.pt\/web\/wp-content\/uploads\/2024\/05\/24-cartaz-2-crianca-1-150x150.jpg",150,150,true],"medium":["https:\/\/nortecrescente.pt\/web\/wp-content\/uploads\/2024\/05\/24-cartaz-2-crianca-1-300x251.jpg",300,251,true],"medium_large":["https:\/\/nortecrescente.pt\/web\/wp-content\/uploads\/2024\/05\/24-cartaz-2-crianca-1-768x644.jpg",768,644,true],"large":["https:\/\/nortecrescente.pt\/web\/wp-content\/uploads\/2024\/05\/24-cartaz-2-crianca-1.jpg",800,671,false],"1536x1536":["https:\/\/nortecrescente.pt\/web\/wp-content\/uploads\/2024\/05\/24-cartaz-2-crianca-1.jpg",940,788,false],"2048x2048":["https:\/\/nortecrescente.pt\/web\/wp-content\/uploads\/2024\/05\/24-cartaz-2-crianca-1.jpg",940,788,false],"onepress-blog-small":["https:\/\/nortecrescente.pt\/web\/wp-content\/uploads\/2024\/05\/24-cartaz-2-crianca-1-300x150.jpg",300,150,true],"onepress-small":["https:\/\/nortecrescente.pt\/web\/wp-content\/uploads\/2024\/05\/24-cartaz-2-crianca-1-480x300.jpg",480,300,true],"onepress-medium":["https:\/\/nortecrescente.pt\/web\/wp-content\/uploads\/2024\/05\/24-cartaz-2-crianca-1-640x400.jpg",640,400,true]},"post_excerpt_stackable":"<p>O Dia Mundial da Crian\u00e7a \u00e9 um dia com muito significado para a Norte Crescente que acredita que deve ser vivido com muito entusiasmo, divers\u00e3o e alegria por todas as crian\u00e7as.\u00a0Assim, a Norte Crescente volta a ser palco de mais uma festa dedicada a todas as crian\u00e7as, em especial as crian\u00e7as, jovens e fam\u00edlias do territ\u00f3rio de interven\u00e7\u00e3o. No dia 1 de Junho, entre as 10h e as 16h, todas as fam\u00edlias est\u00e3o convidadas a trazer as suas crian\u00e7as at\u00e9 \u00e0 Quinta do Norte. De 3 a 7 Junho, entre as 10h e as 12h toda a comunidade escolar est\u00e1,&hellip;<\/p>\n","category_list":"<a href=\"https:\/\/nortecrescente.pt\/web\/category\/noticias\" rel=\"category tag\">Not\u00edcias<\/a>","author_info":{"name":"Norte Crescente","url":"https:\/\/nortecrescente.pt\/web\/author\/adminnc2033"},"comments_num":"0 comments","featured_image_urls_v2":{"full":["https:\/\/nortecrescente.pt\/web\/wp-content\/uploads\/2024\/05\/24-cartaz-2-crianca-1.jpg",940,788,false],"thumbnail":["https:\/\/nortecrescente.pt\/web\/wp-content\/uploads\/2024\/05\/24-cartaz-2-crianca-1-150x150.jpg",150,150,true],"medium":["https:\/\/nortecrescente.pt\/web\/wp-content\/uploads\/2024\/05\/24-cartaz-2-crianca-1-300x251.jpg",300,251,true],"medium_large":["https:\/\/nortecrescente.pt\/web\/wp-content\/uploads\/2024\/05\/24-cartaz-2-crianca-1-768x644.jpg",768,644,true],"large":["https:\/\/nortecrescente.pt\/web\/wp-content\/uploads\/2024\/05\/24-cartaz-2-crianca-1.jpg",800,671,false],"1536x1536":["https:\/\/nortecrescente.pt\/web\/wp-content\/uploads\/2024\/05\/24-cartaz-2-crianca-1.jpg",940,788,false],"2048x2048":["https:\/\/nortecrescente.pt\/web\/wp-content\/uploads\/2024\/05\/24-cartaz-2-crianca-1.jpg",940,788,false],"onepress-blog-small":["https:\/\/nortecrescente.pt\/web\/wp-content\/uploads\/2024\/05\/24-cartaz-2-crianca-1-300x150.jpg",300,150,true],"onepress-small":["https:\/\/nortecrescente.pt\/web\/wp-content\/uploads\/2024\/05\/24-cartaz-2-crianca-1-480x300.jpg",480,300,true],"onepress-medium":["https:\/\/nortecrescente.pt\/web\/wp-content\/uploads\/2024\/05\/24-cartaz-2-crianca-1-640x400.jpg",640,400,true]},"post_excerpt_stackable_v2":"<p>O Dia Mundial da Crian\u00e7a \u00e9 um dia com muito significado para a Norte Crescente que acredita que deve ser vivido com muito entusiasmo, divers\u00e3o e alegria por todas as crian\u00e7as.\u00a0Assim, a Norte Crescente volta a ser palco de mais uma festa dedicada a todas as crian\u00e7as, em especial as crian\u00e7as, jovens e fam\u00edlias do territ\u00f3rio de interven\u00e7\u00e3o. No dia 1 de Junho, entre as 10h e as 16h, todas as fam\u00edlias est\u00e3o convidadas a trazer as suas crian\u00e7as at\u00e9 \u00e0 Quinta do Norte. De 3 a 7 Junho, entre as 10h e as 12h toda a comunidade escolar est\u00e1,&hellip;<\/p>\n","category_list_v2":"<a href=\"https:\/\/nortecrescente.pt\/web\/category\/noticias\" rel=\"category tag\">Not\u00edcias<\/a>","author_info_v2":{"name":"Norte Crescente","url":"https:\/\/nortecrescente.pt\/web\/author\/adminnc2033"},"comments_num_v2":"0 comments","_links":{"self":[{"href":"https:\/\/nortecrescente.pt\/web\/wp-json\/wp\/v2\/posts\/3786"}],"collection":[{"href":"https:\/\/nortecrescente.pt\/web\/wp-json\/wp\/v2\/posts"}],"about":[{"href":"https:\/\/nortecrescente.pt\/web\/wp-json\/wp\/v2\/types\/post"}],"author":[{"embeddable":true,"href":"https:\/\/nortecrescente.pt\/web\/wp-json\/wp\/v2\/users\/1"}],"replies":[{"embeddable":true,"href":"https:\/\/nortecrescente.pt\/web\/wp-json\/wp\/v2\/comments?post=3786"}],"version-history":[{"count":1,"href":"https:\/\/nortecrescente.pt\/web\/wp-json\/wp\/v2\/posts\/3786\/revisions"}],"predecessor-version":[{"id":3791,"href":"https:\/\/nortecrescente.pt\/web\/wp-json\/wp\/v2\/posts\/3786\/revisions\/3791"}],"wp:featuredmedia":[{"embeddable":true,"href":"https:\/\/nortecrescente.pt\/web\/wp-json\/wp\/v2\/media\/3789"}],"wp:attachment":[{"href":"https:\/\/nortecrescente.pt\/web\/wp-json\/wp\/v2\/media?parent=3786"}],"wp:term":[{"taxonomy":"category","embeddable":true,"href":"https:\/\/nortecrescente.pt\/web\/wp-json\/wp\/v2\/categories?post=3786"},{"taxonomy":"post_tag","embeddable":true,"href":"https:\/\/nortecrescente.pt\/web\/wp-json\/wp\/v2\/tags?post=3786"}],"curies":[{"name":"wp","href":"https:\/\/api.w.org\/{rel}","templated":true}]}}