	{"id":3816,"date":"2024-09-04T15:17:48","date_gmt":"2024-09-04T16:17:48","guid":{"rendered":"https:\/\/nortecrescente.pt\/web\/?p=3816"},"modified":"2024-09-04T15:17:52","modified_gmt":"2024-09-04T16:17:52","slug":"festa-do-milho-2024","status":"publish","type":"post","link":"https:\/\/nortecrescente.pt\/web\/festa-do-milho-2024","title":{"rendered":"Festa do Milho 2024"},"content":{"rendered":"\n<p>13, 14 e 15 de setembro<\/p>\n\n\n\n<p>Moinho do Pico Vermelho \u2013 Ajuda da Bretanha<\/p>\n\n\n\n<p>14:00 \u2013 24:00<\/p>\n\n\n\n<p><\/p>\n\n\n\n<p><a><\/a>Programa da Festa do Milho de 2024 a decorrer nos pr\u00f3ximos dias 13, 14 e 15 de setembro na envolvente do Moinho do Pico Vermelho na Ajuda da Bretanha, compreendendo um conjunto diverso de atividades culturais e de elementos de anima\u00e7\u00e3o etnogr\u00e1fica. Ao longo dos tr\u00eas dias da festa est\u00e3o sempre presentes as barraquinhas que comp\u00f5em a Feira Gastron\u00f3mica.<\/p>\n\n\n\n<p>O local do Moinho do Pico Vermelho encontra-se preparado com todo um cen\u00e1rio constru\u00eddo \u00e0 volta do moinho, que estar\u00e1 em funcionamento a moer o milho.<\/p>\n\n\n\n<p>Durante todos os dias da Festa do Milho existir\u00e1 anima\u00e7\u00e3o musical, a partir das 20 horas que permitir\u00e1 animar o espa\u00e7o, com um programa diverso e complementar que permita divulgar a diversidade musical da cultura dos A\u00e7ores.<\/p>\n\n\n\n<p><\/p>\n\n\n\n<figure class=\"wp-block-image size-large\"><a href=\"https:\/\/nortecrescente.pt\/web\/wp-content\/uploads\/2024\/09\/Programa-menor-qualidade-3.jpg\"><img loading=\"lazy\" width=\"724\" height=\"1024\" src=\"https:\/\/nortecrescente.pt\/web\/wp-content\/uploads\/2024\/09\/Programa-menor-qualidade-3-724x1024.jpg\" alt=\"\" class=\"wp-image-3818\" srcset=\"https:\/\/nortecrescente.pt\/web\/wp-content\/uploads\/2024\/09\/Programa-menor-qualidade-3-724x1024.jpg 724w, https:\/\/nortecrescente.pt\/web\/wp-content\/uploads\/2024\/09\/Programa-menor-qualidade-3-212x300.jpg 212w, https:\/\/nortecrescente.pt\/web\/wp-content\/uploads\/2024\/09\/Programa-menor-qualidade-3-768x1086.jpg 768w, https:\/\/nortecrescente.pt\/web\/wp-content\/uploads\/2024\/09\/Programa-menor-qualidade-3-1086x1536.jpg 1086w, https:\/\/nortecrescente.pt\/web\/wp-content\/uploads\/2024\/09\/Programa-menor-qualidade-3.jpg 1414w\" sizes=\"(max-width: 724px) 100vw, 724px\" \/><\/a><\/figure>\n","protected":false},"excerpt":{"rendered":"<p>13, 14 e 15 de setembro Moinho do Pico Vermelho \u2013 Ajuda da Bretanha 14:00 \u2013 24:00 Programa da Festa do Milho de 2024 a decorrer nos pr\u00f3ximos dias 13, &#8230;<\/p>\n","protected":false},"author":1,"featured_media":3817,"comment_status":"closed","ping_status":"open","sticky":false,"template":"","format":"standard","meta":{"ngg_post_thumbnail":0},"categories":[1],"tags":[],"featured_image_urls":{"full":["https:\/\/nortecrescente.pt\/web\/wp-content\/uploads\/2024\/09\/Programa-menor-qualidade-2.jpg",1414,2000,false],"thumbnail":["https:\/\/nortecrescente.pt\/web\/wp-content\/uploads\/2024\/09\/Programa-menor-qualidade-2-150x150.jpg",150,150,true],"medium":["https:\/\/nortecrescente.pt\/web\/wp-content\/uploads\/2024\/09\/Programa-menor-qualidade-2-212x300.jpg",212,300,true],"medium_large":["https:\/\/nortecrescente.pt\/web\/wp-content\/uploads\/2024\/09\/Programa-menor-qualidade-2-768x1086.jpg",768,1086,true],"large":["https:\/\/nortecrescente.pt\/web\/wp-content\/uploads\/2024\/09\/Programa-menor-qualidade-2-724x1024.jpg",724,1024,true],"1536x1536":["https:\/\/nortecrescente.pt\/web\/wp-content\/uploads\/2024\/09\/Programa-menor-qualidade-2-1086x1536.jpg",1086,1536,true],"2048x2048":["https:\/\/nortecrescente.pt\/web\/wp-content\/uploads\/2024\/09\/Programa-menor-qualidade-2.jpg",1414,2000,false],"onepress-blog-small":["https:\/\/nortecrescente.pt\/web\/wp-content\/uploads\/2024\/09\/Programa-menor-qualidade-2-300x150.jpg",300,150,true],"onepress-small":["https:\/\/nortecrescente.pt\/web\/wp-content\/uploads\/2024\/09\/Programa-menor-qualidade-2-480x300.jpg",480,300,true],"onepress-medium":["https:\/\/nortecrescente.pt\/web\/wp-content\/uploads\/2024\/09\/Programa-menor-qualidade-2-640x400.jpg",640,400,true]},"post_excerpt_stackable":"<p>13, 14 e 15 de setembro Moinho do Pico Vermelho \u2013 Ajuda da Bretanha 14:00 \u2013 24:00 Programa da Festa do Milho de 2024 a decorrer nos pr\u00f3ximos dias 13, 14 e 15 de setembro na envolvente do Moinho do Pico Vermelho na Ajuda da Bretanha, compreendendo um conjunto diverso de atividades culturais e de elementos de anima\u00e7\u00e3o etnogr\u00e1fica. Ao longo dos tr\u00eas dias da festa est\u00e3o sempre presentes as barraquinhas que comp\u00f5em a Feira Gastron\u00f3mica. O local do Moinho do Pico Vermelho encontra-se preparado com todo um cen\u00e1rio constru\u00eddo \u00e0 volta do moinho, que estar\u00e1 em funcionamento a moer&hellip;<\/p>\n","category_list":"<a href=\"https:\/\/nortecrescente.pt\/web\/category\/uncategorized\" rel=\"category tag\">Uncategorized<\/a>","author_info":{"name":"Norte Crescente","url":"https:\/\/nortecrescente.pt\/web\/author\/adminnc2033"},"comments_num":"0 comments","featured_image_urls_v2":{"full":["https:\/\/nortecrescente.pt\/web\/wp-content\/uploads\/2024\/09\/Programa-menor-qualidade-2.jpg",1414,2000,false],"thumbnail":["https:\/\/nortecrescente.pt\/web\/wp-content\/uploads\/2024\/09\/Programa-menor-qualidade-2-150x150.jpg",150,150,true],"medium":["https:\/\/nortecrescente.pt\/web\/wp-content\/uploads\/2024\/09\/Programa-menor-qualidade-2-212x300.jpg",212,300,true],"medium_large":["https:\/\/nortecrescente.pt\/web\/wp-content\/uploads\/2024\/09\/Programa-menor-qualidade-2-768x1086.jpg",768,1086,true],"large":["https:\/\/nortecrescente.pt\/web\/wp-content\/uploads\/2024\/09\/Programa-menor-qualidade-2-724x1024.jpg",724,1024,true],"1536x1536":["https:\/\/nortecrescente.pt\/web\/wp-content\/uploads\/2024\/09\/Programa-menor-qualidade-2-1086x1536.jpg",1086,1536,true],"2048x2048":["https:\/\/nortecrescente.pt\/web\/wp-content\/uploads\/2024\/09\/Programa-menor-qualidade-2.jpg",1414,2000,false],"onepress-blog-small":["https:\/\/nortecrescente.pt\/web\/wp-content\/uploads\/2024\/09\/Programa-menor-qualidade-2-300x150.jpg",300,150,true],"onepress-small":["https:\/\/nortecrescente.pt\/web\/wp-content\/uploads\/2024\/09\/Programa-menor-qualidade-2-480x300.jpg",480,300,true],"onepress-medium":["https:\/\/nortecrescente.pt\/web\/wp-content\/uploads\/2024\/09\/Programa-menor-qualidade-2-640x400.jpg",640,400,true]},"post_excerpt_stackable_v2":"<p>13, 14 e 15 de setembro Moinho do Pico Vermelho \u2013 Ajuda da Bretanha 14:00 \u2013 24:00 Programa da Festa do Milho de 2024 a decorrer nos pr\u00f3ximos dias 13, 14 e 15 de setembro na envolvente do Moinho do Pico Vermelho na Ajuda da Bretanha, compreendendo um conjunto diverso de atividades culturais e de elementos de anima\u00e7\u00e3o etnogr\u00e1fica. Ao longo dos tr\u00eas dias da festa est\u00e3o sempre presentes as barraquinhas que comp\u00f5em a Feira Gastron\u00f3mica. O local do Moinho do Pico Vermelho encontra-se preparado com todo um cen\u00e1rio constru\u00eddo \u00e0 volta do moinho, que estar\u00e1 em funcionamento a moer&hellip;<\/p>\n","category_list_v2":"<a href=\"https:\/\/nortecrescente.pt\/web\/category\/uncategorized\" rel=\"category tag\">Uncategorized<\/a>","author_info_v2":{"name":"Norte Crescente","url":"https:\/\/nortecrescente.pt\/web\/author\/adminnc2033"},"comments_num_v2":"0 comments","_links":{"self":[{"href":"https:\/\/nortecrescente.pt\/web\/wp-json\/wp\/v2\/posts\/3816"}],"collection":[{"href":"https:\/\/nortecrescente.pt\/web\/wp-json\/wp\/v2\/posts"}],"about":[{"href":"https:\/\/nortecrescente.pt\/web\/wp-json\/wp\/v2\/types\/post"}],"author":[{"embeddable":true,"href":"https:\/\/nortecrescente.pt\/web\/wp-json\/wp\/v2\/users\/1"}],"replies":[{"embeddable":true,"href":"https:\/\/nortecrescente.pt\/web\/wp-json\/wp\/v2\/comments?post=3816"}],"version-history":[{"count":1,"href":"https:\/\/nortecrescente.pt\/web\/wp-json\/wp\/v2\/posts\/3816\/revisions"}],"predecessor-version":[{"id":3819,"href":"https:\/\/nortecrescente.pt\/web\/wp-json\/wp\/v2\/posts\/3816\/revisions\/3819"}],"wp:featuredmedia":[{"embeddable":true,"href":"https:\/\/nortecrescente.pt\/web\/wp-json\/wp\/v2\/media\/3817"}],"wp:attachment":[{"href":"https:\/\/nortecrescente.pt\/web\/wp-json\/wp\/v2\/media?parent=3816"}],"wp:term":[{"taxonomy":"category","embeddable":true,"href":"https:\/\/nortecrescente.pt\/web\/wp-json\/wp\/v2\/categories?post=3816"},{"taxonomy":"post_tag","embeddable":true,"href":"https:\/\/nortecrescente.pt\/web\/wp-json\/wp\/v2\/tags?post=3816"}],"curies":[{"name":"wp","href":"https:\/\/api.w.org\/{rel}","templated":true}]}}