	{"id":3822,"date":"2024-09-26T15:50:19","date_gmt":"2024-09-26T16:50:19","guid":{"rendered":"https:\/\/nortecrescente.pt\/web\/?p=3822"},"modified":"2024-09-26T15:50:23","modified_gmt":"2024-09-26T16:50:23","slug":"ponto-de-estudo-dos-remedios-ponta-delgada","status":"publish","type":"post","link":"https:\/\/nortecrescente.pt\/web\/ponto-de-estudo-dos-remedios-ponta-delgada","title":{"rendered":"Ponto de Estudo dos Rem\u00e9dios &#8211; Ponta Delgada"},"content":{"rendered":"\n<p>O <strong>Ponto de Estudo dos Rem\u00e9dios<\/strong>, promovido pela <strong>Norte Crescente<\/strong> \u00e9 um projeto que se enquadra nos objetivos do <strong>Governo Regional dos A\u00e7ores<\/strong> em criar Pontos de Apoio ao Estudo para Crian\u00e7as e Jovens, atrav\u00e9s da Dire\u00e7\u00e3o Regional para a Promo\u00e7\u00e3o da Igualdade e Inclus\u00e3o Social &#8211; DRPIIS e <strong>financiado pelo PRR<\/strong>, cujas fam\u00edlias apresentem fracos recursos econ\u00f3micos e tem como principal objetivo promover o sucesso escolar e reduzir a taxa de abandono escolar precoce, colmatando as car\u00eancias identificadas ao n\u00edvel do acompanhamento das fam\u00edlias mais fragilizadas ao percurso escolar dos seus filhos. Tem como principal miss\u00e3o promover o sucesso escolar de crian\u00e7as e jovens atrav\u00e9s do apoio ao estudo e da promo\u00e7\u00e3o de a\u00e7\u00f5es educativas num ambiente calmo, agrad\u00e1vel e acolhedor.<\/p>\n\n\n\n<p>O Ponto de Apoio ao Estudo funcionar\u00e1 na freguesia dos Rem\u00e9dios, nomeadamente na escolaEB1\/JI Padre Ant\u00f3nio Nunes em parceria com o Agrupamento Escolar da EBI Capelas, e teve in\u00edcio no primeiro per\u00edodo letivo de 2024\/2025, durante a \u00e9poca letiva, das 14h at\u00e9 18h30, para crian\u00e7as e jovens preferencialmente do 1\u00ba, 2\u00ba e 3\u00ba ciclo, das freguesias de Santa B\u00e1rbara, Rem\u00e9dios, Ajuda e Pilar da Bretanha.<\/p>\n\n\n\n<p>O Ponto de Apoio ao Estudo \u00e9 orientado para alunos que sejam detentores de apoio social e escolar, conforme sinaliza\u00e7\u00e3o do Agrupamento Escolar da EBI Capelas, a frequ\u00eancia \u00e9 gratuita e inclui lanche e transporte para casa.<\/p>\n\n\n\n<p>Para al\u00e9m do acesso ao apoio escolar, as crian\u00e7as e jovens ter\u00e3o, ainda, a oportunidade de usufruir de um conjunto de ateli\u00eas com <strong>componente l\u00fadica e pedag\u00f3gica<\/strong>, cujo o principal intuito ser\u00e1 fomentar o desenvolvimento de outras compet\u00eancias de desenvolvimento pessoal assim como aumentar as suas qualifica\u00e7\u00f5es escolares. Todas as atividades educativas ser\u00e3o dinamizadas em grupo ou individualmente (apoio) e s\u00e3o adequadas a cada faixa et\u00e1ria e \u00e0s necessidades educativas de cada um, com o objetivo de motiv\u00e1-los para as aprendizagens letivas.<\/p>\n\n\n\n<p>Como objetivos do Ponto de Estudo, podemos destacar:<\/p>\n\n\n\n<p>&#8211; desenvolvimento da autonomia das crian\u00e7as e jovens;<\/p>\n\n\n\n<p>&#8211; apoiar as crian\u00e7as e jovens na realiza\u00e7\u00e3o dos trabalhos de casa;<\/p>\n\n\n\n<p>&#8211; orientar e ajudar na organiza\u00e7\u00e3o dos dossi\u00eas;<\/p>\n\n\n\n<p>&#8211; desenvolvimento&nbsp;de h\u00e1bitos e t\u00e9cnicas de estudo em crian\u00e7as e jovens desmotivados;&nbsp;&nbsp;<\/p>\n\n\n\n<p>&#8211; promover o sentido de responsabilidade pessoal e social;<\/p>\n\n\n\n<p>&#8211; desenvolver o pensamento cr\u00edtico e criativo;<\/p>\n\n\n\n<p>&#8211; desenvolver compet\u00eancias de interpreta\u00e7\u00e3o e resolu\u00e7\u00e3o de problemas;<\/p>\n\n\n\n<p>&#8211; promover a entreajuda e colabora\u00e7\u00e3o entre pares.<\/p>\n\n\n\n<p><\/p>\n\n\n\n<p>Pretende-se, assim, <strong>fomentar a aquisi\u00e7\u00e3o de m\u00e9todos de estudo<\/strong>, promover estrat\u00e9gias de estudo, a autonomia, o despertar da curiosidade, a motiva\u00e7\u00e3o, o esp\u00edrito cr\u00edtico e a coopera\u00e7\u00e3o, contribuindo deste modo, para o desenvolvimento integral de cada crian\u00e7a\/jovem.<\/p>\n\n\n\n<p>Os ateli\u00eas, a par da componente do apoio escolar, pretendem proporcionar experi\u00eancias significativas e diferenciadas que possam permitir a cada crian\u00e7a\/jovem, privadas de muitas atividades l\u00fadico-pedag\u00f3gicas, descobrir e desenvolver o pr\u00f3prio potencial, isto \u00e9, que seja potenciado a imagina\u00e7\u00e3o, criatividade, comunica\u00e7\u00e3o com os outros, o racioc\u00ednio, a mem\u00f3ria, capacidades f\u00edsicas e responsabilidade. Relativamente aos ateli\u00eas com componente l\u00fadico e pedag\u00f3gica destacamos:<\/p>\n\n\n\n<p>&#8211; atividades desportivas;<\/p>\n\n\n\n<p>&#8211; atelier ambiente e cultura;<\/p>\n\n\n\n<p>&#8211; ateliers de express\u00e3o&nbsp;comportamental, dram\u00e1tica e movimento;<\/p>\n\n\n\n<p>&#8211; oficinas TIC.<\/p>\n\n\n\n<p><\/p>\n\n\n\n<p>O Ponto de Estudo, pretende, assim, orientar as crian\u00e7as e jovens nos m\u00e9todos e t\u00e9cnicas de estudo que melhor se adequar a cada crian\u00e7a\/jovem, para que possam aprender a aprender de forma a que se possam tornar cada vez mais aut\u00f3nomos na organiza\u00e7\u00e3o da sua vida escolar, potenciando as capacidades de aprendizagem e aquisi\u00e7\u00e3o de compet\u00eancias. Para mais informa\u00e7\u00f5es ou sinaliza\u00e7\u00f5es de alunos podem contactar a Norte Crescente,<\/p>\n\n\n\n<p style=\"font-size:7px\">publicado em 26 setembro 2024<\/p>\n\n\n\n<figure class=\"wp-block-image size-large\"><a href=\"https:\/\/nortecrescente.pt\/web\/wp-content\/uploads\/2024\/09\/BARRA_ACORES_PRR.png\"><img loading=\"lazy\" width=\"1024\" height=\"106\" src=\"https:\/\/nortecrescente.pt\/web\/wp-content\/uploads\/2024\/09\/BARRA_ACORES_PRR-1024x106.png\" alt=\"\" class=\"wp-image-3823\" srcset=\"https:\/\/nortecrescente.pt\/web\/wp-content\/uploads\/2024\/09\/BARRA_ACORES_PRR-1024x106.png 1024w, https:\/\/nortecrescente.pt\/web\/wp-content\/uploads\/2024\/09\/BARRA_ACORES_PRR-300x31.png 300w, https:\/\/nortecrescente.pt\/web\/wp-content\/uploads\/2024\/09\/BARRA_ACORES_PRR-768x80.png 768w, https:\/\/nortecrescente.pt\/web\/wp-content\/uploads\/2024\/09\/BARRA_ACORES_PRR-1536x160.png 1536w, https:\/\/nortecrescente.pt\/web\/wp-content\/uploads\/2024\/09\/BARRA_ACORES_PRR-2048x213.png 2048w\" sizes=\"(max-width: 1024px) 100vw, 1024px\" \/><\/a><\/figure>\n","protected":false},"excerpt":{"rendered":"<p>O Ponto de Estudo dos Rem\u00e9dios, promovido pela Norte Crescente \u00e9 um projeto que se enquadra nos objetivos do Governo Regional dos A\u00e7ores em criar Pontos de Apoio ao Estudo &#8230;<\/p>\n","protected":false},"author":1,"featured_media":3824,"comment_status":"closed","ping_status":"closed","sticky":false,"template":"","format":"standard","meta":{"ngg_post_thumbnail":0},"categories":[1],"tags":[],"featured_image_urls":{"full":["https:\/\/nortecrescente.pt\/web\/wp-content\/uploads\/2024\/09\/WhatsApp-Image-2024-09-02-at-11.26.38-1.jpeg",1500,2000,false],"thumbnail":["https:\/\/nortecrescente.pt\/web\/wp-content\/uploads\/2024\/09\/WhatsApp-Image-2024-09-02-at-11.26.38-1-150x150.jpeg",150,150,true],"medium":["https:\/\/nortecrescente.pt\/web\/wp-content\/uploads\/2024\/09\/WhatsApp-Image-2024-09-02-at-11.26.38-1-225x300.jpeg",225,300,true],"medium_large":["https:\/\/nortecrescente.pt\/web\/wp-content\/uploads\/2024\/09\/WhatsApp-Image-2024-09-02-at-11.26.38-1-768x1024.jpeg",768,1024,true],"large":["https:\/\/nortecrescente.pt\/web\/wp-content\/uploads\/2024\/09\/WhatsApp-Image-2024-09-02-at-11.26.38-1-768x1024.jpeg",768,1024,true],"1536x1536":["https:\/\/nortecrescente.pt\/web\/wp-content\/uploads\/2024\/09\/WhatsApp-Image-2024-09-02-at-11.26.38-1-1152x1536.jpeg",1152,1536,true],"2048x2048":["https:\/\/nortecrescente.pt\/web\/wp-content\/uploads\/2024\/09\/WhatsApp-Image-2024-09-02-at-11.26.38-1.jpeg",1500,2000,false],"onepress-blog-small":["https:\/\/nortecrescente.pt\/web\/wp-content\/uploads\/2024\/09\/WhatsApp-Image-2024-09-02-at-11.26.38-1-300x150.jpeg",300,150,true],"onepress-small":["https:\/\/nortecrescente.pt\/web\/wp-content\/uploads\/2024\/09\/WhatsApp-Image-2024-09-02-at-11.26.38-1-480x300.jpeg",480,300,true],"onepress-medium":["https:\/\/nortecrescente.pt\/web\/wp-content\/uploads\/2024\/09\/WhatsApp-Image-2024-09-02-at-11.26.38-1-640x400.jpeg",640,400,true]},"post_excerpt_stackable":"<p>O Ponto de Estudo dos Rem\u00e9dios, promovido pela Norte Crescente \u00e9 um projeto que se enquadra nos objetivos do Governo Regional dos A\u00e7ores em criar Pontos de Apoio ao Estudo para Crian\u00e7as e Jovens, atrav\u00e9s da Dire\u00e7\u00e3o Regional para a Promo\u00e7\u00e3o da Igualdade e Inclus\u00e3o Social &#8211; DRPIIS e financiado pelo PRR, cujas fam\u00edlias apresentem fracos recursos econ\u00f3micos e tem como principal objetivo promover o sucesso escolar e reduzir a taxa de abandono escolar precoce, colmatando as car\u00eancias identificadas ao n\u00edvel do acompanhamento das fam\u00edlias mais fragilizadas ao percurso escolar dos seus filhos. Tem como principal miss\u00e3o promover o sucesso&hellip;<\/p>\n","category_list":"<a href=\"https:\/\/nortecrescente.pt\/web\/category\/uncategorized\" rel=\"category tag\">Uncategorized<\/a>","author_info":{"name":"Norte Crescente","url":"https:\/\/nortecrescente.pt\/web\/author\/adminnc2033"},"comments_num":"0 comments","featured_image_urls_v2":{"full":["https:\/\/nortecrescente.pt\/web\/wp-content\/uploads\/2024\/09\/WhatsApp-Image-2024-09-02-at-11.26.38-1.jpeg",1500,2000,false],"thumbnail":["https:\/\/nortecrescente.pt\/web\/wp-content\/uploads\/2024\/09\/WhatsApp-Image-2024-09-02-at-11.26.38-1-150x150.jpeg",150,150,true],"medium":["https:\/\/nortecrescente.pt\/web\/wp-content\/uploads\/2024\/09\/WhatsApp-Image-2024-09-02-at-11.26.38-1-225x300.jpeg",225,300,true],"medium_large":["https:\/\/nortecrescente.pt\/web\/wp-content\/uploads\/2024\/09\/WhatsApp-Image-2024-09-02-at-11.26.38-1-768x1024.jpeg",768,1024,true],"large":["https:\/\/nortecrescente.pt\/web\/wp-content\/uploads\/2024\/09\/WhatsApp-Image-2024-09-02-at-11.26.38-1-768x1024.jpeg",768,1024,true],"1536x1536":["https:\/\/nortecrescente.pt\/web\/wp-content\/uploads\/2024\/09\/WhatsApp-Image-2024-09-02-at-11.26.38-1-1152x1536.jpeg",1152,1536,true],"2048x2048":["https:\/\/nortecrescente.pt\/web\/wp-content\/uploads\/2024\/09\/WhatsApp-Image-2024-09-02-at-11.26.38-1.jpeg",1500,2000,false],"onepress-blog-small":["https:\/\/nortecrescente.pt\/web\/wp-content\/uploads\/2024\/09\/WhatsApp-Image-2024-09-02-at-11.26.38-1-300x150.jpeg",300,150,true],"onepress-small":["https:\/\/nortecrescente.pt\/web\/wp-content\/uploads\/2024\/09\/WhatsApp-Image-2024-09-02-at-11.26.38-1-480x300.jpeg",480,300,true],"onepress-medium":["https:\/\/nortecrescente.pt\/web\/wp-content\/uploads\/2024\/09\/WhatsApp-Image-2024-09-02-at-11.26.38-1-640x400.jpeg",640,400,true]},"post_excerpt_stackable_v2":"<p>O Ponto de Estudo dos Rem\u00e9dios, promovido pela Norte Crescente \u00e9 um projeto que se enquadra nos objetivos do Governo Regional dos A\u00e7ores em criar Pontos de Apoio ao Estudo para Crian\u00e7as e Jovens, atrav\u00e9s da Dire\u00e7\u00e3o Regional para a Promo\u00e7\u00e3o da Igualdade e Inclus\u00e3o Social &#8211; DRPIIS e financiado pelo PRR, cujas fam\u00edlias apresentem fracos recursos econ\u00f3micos e tem como principal objetivo promover o sucesso escolar e reduzir a taxa de abandono escolar precoce, colmatando as car\u00eancias identificadas ao n\u00edvel do acompanhamento das fam\u00edlias mais fragilizadas ao percurso escolar dos seus filhos. Tem como principal miss\u00e3o promover o sucesso&hellip;<\/p>\n","category_list_v2":"<a href=\"https:\/\/nortecrescente.pt\/web\/category\/uncategorized\" rel=\"category tag\">Uncategorized<\/a>","author_info_v2":{"name":"Norte Crescente","url":"https:\/\/nortecrescente.pt\/web\/author\/adminnc2033"},"comments_num_v2":"0 comments","_links":{"self":[{"href":"https:\/\/nortecrescente.pt\/web\/wp-json\/wp\/v2\/posts\/3822"}],"collection":[{"href":"https:\/\/nortecrescente.pt\/web\/wp-json\/wp\/v2\/posts"}],"about":[{"href":"https:\/\/nortecrescente.pt\/web\/wp-json\/wp\/v2\/types\/post"}],"author":[{"embeddable":true,"href":"https:\/\/nortecrescente.pt\/web\/wp-json\/wp\/v2\/users\/1"}],"replies":[{"embeddable":true,"href":"https:\/\/nortecrescente.pt\/web\/wp-json\/wp\/v2\/comments?post=3822"}],"version-history":[{"count":1,"href":"https:\/\/nortecrescente.pt\/web\/wp-json\/wp\/v2\/posts\/3822\/revisions"}],"predecessor-version":[{"id":3825,"href":"https:\/\/nortecrescente.pt\/web\/wp-json\/wp\/v2\/posts\/3822\/revisions\/3825"}],"wp:featuredmedia":[{"embeddable":true,"href":"https:\/\/nortecrescente.pt\/web\/wp-json\/wp\/v2\/media\/3824"}],"wp:attachment":[{"href":"https:\/\/nortecrescente.pt\/web\/wp-json\/wp\/v2\/media?parent=3822"}],"wp:term":[{"taxonomy":"category","embeddable":true,"href":"https:\/\/nortecrescente.pt\/web\/wp-json\/wp\/v2\/categories?post=3822"},{"taxonomy":"post_tag","embeddable":true,"href":"https:\/\/nortecrescente.pt\/web\/wp-json\/wp\/v2\/tags?post=3822"}],"curies":[{"name":"wp","href":"https:\/\/api.w.org\/{rel}","templated":true}]}}