	{"id":3833,"date":"2024-12-05T10:10:59","date_gmt":"2024-12-05T11:10:59","guid":{"rendered":"https:\/\/nortecrescente.pt\/web\/?p=3833"},"modified":"2024-12-09T11:38:49","modified_gmt":"2024-12-09T12:38:49","slug":"mercadinho-de-natal-2024-norte-crescente-quinta-do-norte","status":"publish","type":"post","link":"https:\/\/nortecrescente.pt\/web\/mercadinho-de-natal-2024-norte-crescente-quinta-do-norte","title":{"rendered":"Mercadinho de Natal 2024 &#8211; Norte Crescente &#8211; Quinta do Norte"},"content":{"rendered":"\n<p><strong>Mercadinho de Natal da Norte Crescente &#8211; Um Evento M\u00e1gico para Toda a Fam\u00edlia<\/strong><\/p>\n\n\n\n<p><strong>&#8211; Data: 7 Dezembro 2024<\/strong><\/p>\n\n\n\n<p><strong>&#8211; Hor\u00e1rio: 14h \u00e0s 19h30<\/strong><\/p>\n\n\n\n<p><strong>&#8211; Local: Quinta do Norte<\/strong><\/p>\n\n\n\n<p><\/p>\n\n\n\n<p>No pr\u00f3ximo dia 7 de dezembro, a Norte Crescente \u2013 ADL convida todas as fam\u00edlias a viver toda a magia do Natal no Evento Mercadinho de Natal.<\/p>\n\n\n\n<p>O Evento Mercadinho de Natal da Associa\u00e7\u00e3o Norte Crescente, j\u00e1 conta com quatro edi\u00e7\u00f5es, decorre na Quinta do Norte, e tem como principal objetivo recriar toda a tradi\u00e7\u00e3o que envolve um mercado de natal, com um programa atrativo para todas as idades, contando com muita anima\u00e7\u00e3o e com produtos alusivos \u00e0 \u00e9poca.<\/p>\n\n\n\n<p>A partir das 14h, o evento ir\u00e1 se transformar num verdadeiro ponto de encontro para celebrar a magia desta \u00e9poca, com muitas surpresas e momentos que ser\u00e3o certamente inesquec\u00edveis.<\/p>\n\n\n\n<p>Uma das grandes atra\u00e7\u00f5es ser\u00e1 a Casa do Pai Natal, um espa\u00e7o m\u00e1gico onde as crian\u00e7as poder\u00e3o explorar o mundo encantando do velhinho de barbas brancas. Al\u00e9m de poderem visitar toda a casa, ter\u00e3o, tamb\u00e9m, a oportunidade de assistir a filmes de natal na sala do Pai Natal, escrever a carta e ainda confeccionar as bolachinhas com a ajuda da M\u00e3e Natal e dos duendes. Ainda, poder\u00e3o, na oficina do Pai Natal, dar asas \u00e0 criatividade e criar brinquedos.<\/p>\n\n\n\n<p>Al\u00e9m das figuras doces do Pai e M\u00e3e Natal, teremos a ilustre presen\u00e7a do Grinch, que vai trazer um toque de divers\u00e3o e magia ao evento. E de forma, a tornar a experi\u00eancia ainda mais especial, estar\u00e1 dispon\u00edvel um cen\u00e1rio exclusivo para fotos, permitindo que todas as fam\u00edlias possam registar momentos inesquec\u00edveis.<\/p>\n\n\n\n<p>Este ano pela primeira vez, teremos o Pres\u00e9pio ao vivo, das 14h \u00e0s 15h, onde quem nos visitar poder\u00e1 reviver o nascimento de Jesus de forma emocionante e com a participa\u00e7\u00e3o de v\u00e1rios figurantes.<\/p>\n\n\n\n<p>O Mercadinho de Natal ser\u00e1 um evento imperd\u00edvel, com atividades para todas as idades, com artesanato, produtos t\u00edpicos, doces e muito mais, tudo num ambiente muito acolhedor.<\/p>\n\n\n\n<p>Este ano contamos no Mercadinho de Natal com o apoio do Grupo Bel, com f\u00e1brica na Ribeira Grande, e que tem como objetivo a promo\u00e7\u00e3o de uma alimenta\u00e7\u00e3o mais saud\u00e1vel e sustent\u00e1vel para todos, miss\u00e3o com que lan\u00e7ou em 2022 a primeira edi\u00e7\u00e3o do Days for Good. A parceria com a Norte Crescente visa n\u00e3o s\u00f3 promover uma alimenta\u00e7\u00e3o saud\u00e1vel, mas tamb\u00e9m estimular o esp\u00edrito solid\u00e1rio e colaborativo dos colaboradores da F\u00e1brica Bel da Ribeira Grande com uma mostra dos seus produtos e com a partilha de receitas dos seus colaboradores.<\/p>\n\n\n\n<p>De salientar ainda o apoio log\u00edstico da C\u00e2mara Municipal de Ponta Delgada e da Junta de Freguesia das Capelas.<\/p>\n\n\n\n<p>Juntem-se a n\u00f3s para uma experi\u00eancia de Natal inesquec\u00edvel.&nbsp;<\/p>\n\n\n\n<figure class=\"wp-block-image size-large\"><a href=\"https:\/\/nortecrescente.pt\/web\/wp-content\/uploads\/2024\/12\/Cartaz-mais-Atualizado.jpg\"><img loading=\"lazy\" width=\"724\" height=\"1024\" src=\"https:\/\/nortecrescente.pt\/web\/wp-content\/uploads\/2024\/12\/Cartaz-mais-Atualizado-724x1024.jpg\" alt=\"\" class=\"wp-image-3834\" srcset=\"https:\/\/nortecrescente.pt\/web\/wp-content\/uploads\/2024\/12\/Cartaz-mais-Atualizado-724x1024.jpg 724w, https:\/\/nortecrescente.pt\/web\/wp-content\/uploads\/2024\/12\/Cartaz-mais-Atualizado-212x300.jpg 212w, https:\/\/nortecrescente.pt\/web\/wp-content\/uploads\/2024\/12\/Cartaz-mais-Atualizado-768x1086.jpg 768w, https:\/\/nortecrescente.pt\/web\/wp-content\/uploads\/2024\/12\/Cartaz-mais-Atualizado-1086x1536.jpg 1086w, https:\/\/nortecrescente.pt\/web\/wp-content\/uploads\/2024\/12\/Cartaz-mais-Atualizado-1448x2048.jpg 1448w, https:\/\/nortecrescente.pt\/web\/wp-content\/uploads\/2024\/12\/Cartaz-mais-Atualizado.jpg 1587w\" sizes=\"(max-width: 724px) 100vw, 724px\" \/><\/a><\/figure>\n\n\n\n<p style=\"font-size:6px\">publicado em 30 novembro 2024<\/p>\n","protected":false},"excerpt":{"rendered":"<p>Mercadinho de Natal da Norte Crescente &#8211; Um Evento M\u00e1gico para Toda a Fam\u00edlia &#8211; Data: 7 Dezembro 2024 &#8211; Hor\u00e1rio: 14h \u00e0s 19h30 &#8211; Local: Quinta do Norte No &#8230;<\/p>\n","protected":false},"author":1,"featured_media":3834,"comment_status":"closed","ping_status":"open","sticky":false,"template":"","format":"standard","meta":{"ngg_post_thumbnail":0},"categories":[1],"tags":[],"featured_image_urls":{"full":["https:\/\/nortecrescente.pt\/web\/wp-content\/uploads\/2024\/12\/Cartaz-mais-Atualizado.jpg",1587,2245,false],"thumbnail":["https:\/\/nortecrescente.pt\/web\/wp-content\/uploads\/2024\/12\/Cartaz-mais-Atualizado-150x150.jpg",150,150,true],"medium":["https:\/\/nortecrescente.pt\/web\/wp-content\/uploads\/2024\/12\/Cartaz-mais-Atualizado-212x300.jpg",212,300,true],"medium_large":["https:\/\/nortecrescente.pt\/web\/wp-content\/uploads\/2024\/12\/Cartaz-mais-Atualizado-768x1086.jpg",768,1086,true],"large":["https:\/\/nortecrescente.pt\/web\/wp-content\/uploads\/2024\/12\/Cartaz-mais-Atualizado-724x1024.jpg",724,1024,true],"1536x1536":["https:\/\/nortecrescente.pt\/web\/wp-content\/uploads\/2024\/12\/Cartaz-mais-Atualizado-1086x1536.jpg",1086,1536,true],"2048x2048":["https:\/\/nortecrescente.pt\/web\/wp-content\/uploads\/2024\/12\/Cartaz-mais-Atualizado-1448x2048.jpg",1448,2048,true],"onepress-blog-small":["https:\/\/nortecrescente.pt\/web\/wp-content\/uploads\/2024\/12\/Cartaz-mais-Atualizado-300x150.jpg",300,150,true],"onepress-small":["https:\/\/nortecrescente.pt\/web\/wp-content\/uploads\/2024\/12\/Cartaz-mais-Atualizado-480x300.jpg",480,300,true],"onepress-medium":["https:\/\/nortecrescente.pt\/web\/wp-content\/uploads\/2024\/12\/Cartaz-mais-Atualizado-640x400.jpg",640,400,true]},"post_excerpt_stackable":"<p>Mercadinho de Natal da Norte Crescente &#8211; Um Evento M\u00e1gico para Toda a Fam\u00edlia &#8211; Data: 7 Dezembro 2024 &#8211; Hor\u00e1rio: 14h \u00e0s 19h30 &#8211; Local: Quinta do Norte No pr\u00f3ximo dia 7 de dezembro, a Norte Crescente \u2013 ADL convida todas as fam\u00edlias a viver toda a magia do Natal no Evento Mercadinho de Natal. O Evento Mercadinho de Natal da Associa\u00e7\u00e3o Norte Crescente, j\u00e1 conta com quatro edi\u00e7\u00f5es, decorre na Quinta do Norte, e tem como principal objetivo recriar toda a tradi\u00e7\u00e3o que envolve um mercado de natal, com um programa atrativo para todas as idades, contando com&hellip;<\/p>\n","category_list":"<a href=\"https:\/\/nortecrescente.pt\/web\/category\/uncategorized\" rel=\"category tag\">Uncategorized<\/a>","author_info":{"name":"Norte Crescente","url":"https:\/\/nortecrescente.pt\/web\/author\/adminnc2033"},"comments_num":"0 comments","featured_image_urls_v2":{"full":["https:\/\/nortecrescente.pt\/web\/wp-content\/uploads\/2024\/12\/Cartaz-mais-Atualizado.jpg",1587,2245,false],"thumbnail":["https:\/\/nortecrescente.pt\/web\/wp-content\/uploads\/2024\/12\/Cartaz-mais-Atualizado-150x150.jpg",150,150,true],"medium":["https:\/\/nortecrescente.pt\/web\/wp-content\/uploads\/2024\/12\/Cartaz-mais-Atualizado-212x300.jpg",212,300,true],"medium_large":["https:\/\/nortecrescente.pt\/web\/wp-content\/uploads\/2024\/12\/Cartaz-mais-Atualizado-768x1086.jpg",768,1086,true],"large":["https:\/\/nortecrescente.pt\/web\/wp-content\/uploads\/2024\/12\/Cartaz-mais-Atualizado-724x1024.jpg",724,1024,true],"1536x1536":["https:\/\/nortecrescente.pt\/web\/wp-content\/uploads\/2024\/12\/Cartaz-mais-Atualizado-1086x1536.jpg",1086,1536,true],"2048x2048":["https:\/\/nortecrescente.pt\/web\/wp-content\/uploads\/2024\/12\/Cartaz-mais-Atualizado-1448x2048.jpg",1448,2048,true],"onepress-blog-small":["https:\/\/nortecrescente.pt\/web\/wp-content\/uploads\/2024\/12\/Cartaz-mais-Atualizado-300x150.jpg",300,150,true],"onepress-small":["https:\/\/nortecrescente.pt\/web\/wp-content\/uploads\/2024\/12\/Cartaz-mais-Atualizado-480x300.jpg",480,300,true],"onepress-medium":["https:\/\/nortecrescente.pt\/web\/wp-content\/uploads\/2024\/12\/Cartaz-mais-Atualizado-640x400.jpg",640,400,true]},"post_excerpt_stackable_v2":"<p>Mercadinho de Natal da Norte Crescente &#8211; Um Evento M\u00e1gico para Toda a Fam\u00edlia &#8211; Data: 7 Dezembro 2024 &#8211; Hor\u00e1rio: 14h \u00e0s 19h30 &#8211; Local: Quinta do Norte No pr\u00f3ximo dia 7 de dezembro, a Norte Crescente \u2013 ADL convida todas as fam\u00edlias a viver toda a magia do Natal no Evento Mercadinho de Natal. O Evento Mercadinho de Natal da Associa\u00e7\u00e3o Norte Crescente, j\u00e1 conta com quatro edi\u00e7\u00f5es, decorre na Quinta do Norte, e tem como principal objetivo recriar toda a tradi\u00e7\u00e3o que envolve um mercado de natal, com um programa atrativo para todas as idades, contando com&hellip;<\/p>\n","category_list_v2":"<a href=\"https:\/\/nortecrescente.pt\/web\/category\/uncategorized\" rel=\"category tag\">Uncategorized<\/a>","author_info_v2":{"name":"Norte Crescente","url":"https:\/\/nortecrescente.pt\/web\/author\/adminnc2033"},"comments_num_v2":"0 comments","_links":{"self":[{"href":"https:\/\/nortecrescente.pt\/web\/wp-json\/wp\/v2\/posts\/3833"}],"collection":[{"href":"https:\/\/nortecrescente.pt\/web\/wp-json\/wp\/v2\/posts"}],"about":[{"href":"https:\/\/nortecrescente.pt\/web\/wp-json\/wp\/v2\/types\/post"}],"author":[{"embeddable":true,"href":"https:\/\/nortecrescente.pt\/web\/wp-json\/wp\/v2\/users\/1"}],"replies":[{"embeddable":true,"href":"https:\/\/nortecrescente.pt\/web\/wp-json\/wp\/v2\/comments?post=3833"}],"version-history":[{"count":3,"href":"https:\/\/nortecrescente.pt\/web\/wp-json\/wp\/v2\/posts\/3833\/revisions"}],"predecessor-version":[{"id":3843,"href":"https:\/\/nortecrescente.pt\/web\/wp-json\/wp\/v2\/posts\/3833\/revisions\/3843"}],"wp:featuredmedia":[{"embeddable":true,"href":"https:\/\/nortecrescente.pt\/web\/wp-json\/wp\/v2\/media\/3834"}],"wp:attachment":[{"href":"https:\/\/nortecrescente.pt\/web\/wp-json\/wp\/v2\/media?parent=3833"}],"wp:term":[{"taxonomy":"category","embeddable":true,"href":"https:\/\/nortecrescente.pt\/web\/wp-json\/wp\/v2\/categories?post=3833"},{"taxonomy":"post_tag","embeddable":true,"href":"https:\/\/nortecrescente.pt\/web\/wp-json\/wp\/v2\/tags?post=3833"}],"curies":[{"name":"wp","href":"https:\/\/api.w.org\/{rel}","templated":true}]}}