	{"id":3859,"date":"2025-02-20T11:31:30","date_gmt":"2025-02-20T12:31:30","guid":{"rendered":"https:\/\/nortecrescente.pt\/web\/?p=3859"},"modified":"2025-02-20T11:31:33","modified_gmt":"2025-02-20T12:31:33","slug":"convocatoria-assembleia-geral-norte-crescente-2","status":"publish","type":"post","link":"https:\/\/nortecrescente.pt\/web\/convocatoria-assembleia-geral-norte-crescente-2","title":{"rendered":"Convocat\u00f3ria Assembleia Geral \u2013 Norte Crescente"},"content":{"rendered":"\n<p><strong>Norte Crescente<\/strong><\/p>\n\n\n\n<p><strong>Associa\u00e7\u00e3o de Desenvolvimento Local<\/strong><\/p>\n\n\n\n<p><strong>CONVOCAT\u00d3RIA<\/strong><\/p>\n\n\n\n<p>Nos termos e para os efeitos do disposto no art\u00ba 28\u00ba n\u00ba 3, art\u00ba 29\u00ba dos Estatutos da Associa\u00e7\u00e3o, e dos artigos 173\u00ba e 174\u00b0 do C\u00f3digo Civil, convoco os Associados para reunirem em Assembleia Geral Extraordin\u00e1ria da Associa\u00e7\u00e3o <strong>NORTE CRESCENTE \u2013 ASSOCIA\u00c7\u00c3O DE DESENVOLVIMENTO LOCAL, <\/strong>para o pr\u00f3ximo dia <strong>10 de mar\u00e7o de 2025, \u00e0s 18 horas e 30 minutos<\/strong>, na sede da Associa\u00e7\u00e3o na Quinta do Norte, Rua do Monte Alegre, 9545-148 Capelas PDL, a fim de deliberar sobre a seguinte ordem do dia:<\/p>\n\n\n\n<p><strong>Ponto 1 <\/strong>\u2013 Elei\u00e7\u00f5es para os \u00d3rg\u00e3os Sociais.<\/p>\n\n\n\n<p><strong>Pon<\/strong><strong>to<\/strong><strong> <\/strong><strong>2 \u2013<\/strong> Tomada de posse dos \u00d3rg\u00e3os Sociais eleitos.<\/p>\n\n\n\n<p>Mais se informa que a apresenta\u00e7\u00e3o de listas deve ser efetuada at\u00e9 ao pr\u00f3ximo dia 24 de fevereiro de 2025, com todos os lugares preenchidos aos \u00f3rg\u00e3os sociais previstos nos estatutos da Norte Crescente \u2013 ADL e remetidas ao Presidente da Mesa da Assembleia Geral da Norte Crescente \u2013 ADL, atrav\u00e9s do seguinte email: <a href=\"mailto:nortecrescente@nortecrescente.pt\">nortecrescente@nortecrescente.pt<\/a>.<\/p>\n\n\n\n<p>A 3 de mar\u00e7o de 2025 ser\u00e3o remetidas, via-email, a todos os associados e afixadas na sede da Associa\u00e7\u00e3o Norte Crescente \u2013 ADL em lugar p\u00fablico, todas as listas rececionadas. Cada associado poder\u00e1 exercer o seu direito a voto presencialmente aquando da reuni\u00e3o, por correspond\u00eancia ou por representa\u00e7\u00e3o, conforme artigo n\u00ba 23 dos Estatutos.<\/p>\n\n\n\n<p>De acordo com o estipulado no art\u00ba 30\u00ba n\u00ba1 dos Estatutos da Associa\u00e7\u00e3o, a Assembleia reunir\u00e1 em segunda convocat\u00f3ria decorridos que estejam 30 minutos da hora marcada, caso n\u00e3o haja qu\u00f3rum para a realiza\u00e7\u00e3o da primeira.<\/p>\n\n\n\n<p>Vila de Capelas, 12 de fevereiro de 2025<\/p>\n\n\n\n<p><strong>O Presidente da Assembleia Geral<\/strong><strong><\/strong><\/p>\n\n\n\n<p><strong>Bruno Alexandre Machado Correia<\/strong><\/p>\n\n\n\n<figure class=\"wp-block-image size-large\"><a href=\"https:\/\/nortecrescente.pt\/web\/wp-content\/uploads\/2025\/02\/25.02-Conv-AG-eleitoral-marco-2024_page-0001.jpg\"><img loading=\"lazy\" width=\"791\" height=\"1024\" src=\"https:\/\/nortecrescente.pt\/web\/wp-content\/uploads\/2025\/02\/25.02-Conv-AG-eleitoral-marco-2024_page-0001-791x1024.jpg\" alt=\"\" class=\"wp-image-3860\" srcset=\"https:\/\/nortecrescente.pt\/web\/wp-content\/uploads\/2025\/02\/25.02-Conv-AG-eleitoral-marco-2024_page-0001-791x1024.jpg 791w, https:\/\/nortecrescente.pt\/web\/wp-content\/uploads\/2025\/02\/25.02-Conv-AG-eleitoral-marco-2024_page-0001-232x300.jpg 232w, https:\/\/nortecrescente.pt\/web\/wp-content\/uploads\/2025\/02\/25.02-Conv-AG-eleitoral-marco-2024_page-0001-768x994.jpg 768w, https:\/\/nortecrescente.pt\/web\/wp-content\/uploads\/2025\/02\/25.02-Conv-AG-eleitoral-marco-2024_page-0001-1187x1536.jpg 1187w, https:\/\/nortecrescente.pt\/web\/wp-content\/uploads\/2025\/02\/25.02-Conv-AG-eleitoral-marco-2024_page-0001.jpg 1275w\" sizes=\"(max-width: 791px) 100vw, 791px\" \/><\/a><\/figure>\n\n\n\n<p style=\"font-size:7px\">Publicado em 17 fevereiro 2025<\/p>\n","protected":false},"excerpt":{"rendered":"<p>Norte Crescente Associa\u00e7\u00e3o de Desenvolvimento Local CONVOCAT\u00d3RIA Nos termos e para os efeitos do disposto no art\u00ba 28\u00ba n\u00ba 3, art\u00ba 29\u00ba dos Estatutos da Associa\u00e7\u00e3o, e dos artigos 173\u00ba &#8230;<\/p>\n","protected":false},"author":1,"featured_media":3840,"comment_status":"closed","ping_status":"closed","sticky":false,"template":"","format":"standard","meta":{"ngg_post_thumbnail":0},"categories":[1],"tags":[],"featured_image_urls":{"full":["https:\/\/nortecrescente.pt\/web\/wp-content\/uploads\/2024\/12\/imagem-1.bmp",914,409,false],"thumbnail":["https:\/\/nortecrescente.pt\/web\/wp-content\/uploads\/2024\/12\/imagem-1.bmp",150,67,false],"medium":["https:\/\/nortecrescente.pt\/web\/wp-content\/uploads\/2024\/12\/imagem-1.bmp",300,134,false],"medium_large":["https:\/\/nortecrescente.pt\/web\/wp-content\/uploads\/2024\/12\/imagem-1.bmp",768,344,false],"large":["https:\/\/nortecrescente.pt\/web\/wp-content\/uploads\/2024\/12\/imagem-1.bmp",800,358,false],"1536x1536":["https:\/\/nortecrescente.pt\/web\/wp-content\/uploads\/2024\/12\/imagem-1.bmp",914,409,false],"2048x2048":["https:\/\/nortecrescente.pt\/web\/wp-content\/uploads\/2024\/12\/imagem-1.bmp",914,409,false],"onepress-blog-small":["https:\/\/nortecrescente.pt\/web\/wp-content\/uploads\/2024\/12\/imagem-1.bmp",300,134,false],"onepress-small":["https:\/\/nortecrescente.pt\/web\/wp-content\/uploads\/2024\/12\/imagem-1.bmp",480,215,false],"onepress-medium":["https:\/\/nortecrescente.pt\/web\/wp-content\/uploads\/2024\/12\/imagem-1.bmp",640,286,false]},"post_excerpt_stackable":"<p>Norte Crescente Associa\u00e7\u00e3o de Desenvolvimento Local CONVOCAT\u00d3RIA Nos termos e para os efeitos do disposto no art\u00ba 28\u00ba n\u00ba 3, art\u00ba 29\u00ba dos Estatutos da Associa\u00e7\u00e3o, e dos artigos 173\u00ba e 174\u00b0 do C\u00f3digo Civil, convoco os Associados para reunirem em Assembleia Geral Extraordin\u00e1ria da Associa\u00e7\u00e3o NORTE CRESCENTE \u2013 ASSOCIA\u00c7\u00c3O DE DESENVOLVIMENTO LOCAL, para o pr\u00f3ximo dia 10 de mar\u00e7o de 2025, \u00e0s 18 horas e 30 minutos, na sede da Associa\u00e7\u00e3o na Quinta do Norte, Rua do Monte Alegre, 9545-148 Capelas PDL, a fim de deliberar sobre a seguinte ordem do dia: Ponto 1 \u2013 Elei\u00e7\u00f5es para os \u00d3rg\u00e3os&hellip;<\/p>\n","category_list":"<a href=\"https:\/\/nortecrescente.pt\/web\/category\/uncategorized\" rel=\"category tag\">Uncategorized<\/a>","author_info":{"name":"Norte Crescente","url":"https:\/\/nortecrescente.pt\/web\/author\/adminnc2033"},"comments_num":"0 comments","featured_image_urls_v2":{"full":["https:\/\/nortecrescente.pt\/web\/wp-content\/uploads\/2024\/12\/imagem-1.bmp",914,409,false],"thumbnail":["https:\/\/nortecrescente.pt\/web\/wp-content\/uploads\/2024\/12\/imagem-1.bmp",150,67,false],"medium":["https:\/\/nortecrescente.pt\/web\/wp-content\/uploads\/2024\/12\/imagem-1.bmp",300,134,false],"medium_large":["https:\/\/nortecrescente.pt\/web\/wp-content\/uploads\/2024\/12\/imagem-1.bmp",768,344,false],"large":["https:\/\/nortecrescente.pt\/web\/wp-content\/uploads\/2024\/12\/imagem-1.bmp",800,358,false],"1536x1536":["https:\/\/nortecrescente.pt\/web\/wp-content\/uploads\/2024\/12\/imagem-1.bmp",914,409,false],"2048x2048":["https:\/\/nortecrescente.pt\/web\/wp-content\/uploads\/2024\/12\/imagem-1.bmp",914,409,false],"onepress-blog-small":["https:\/\/nortecrescente.pt\/web\/wp-content\/uploads\/2024\/12\/imagem-1.bmp",300,134,false],"onepress-small":["https:\/\/nortecrescente.pt\/web\/wp-content\/uploads\/2024\/12\/imagem-1.bmp",480,215,false],"onepress-medium":["https:\/\/nortecrescente.pt\/web\/wp-content\/uploads\/2024\/12\/imagem-1.bmp",640,286,false]},"post_excerpt_stackable_v2":"<p>Norte Crescente Associa\u00e7\u00e3o de Desenvolvimento Local CONVOCAT\u00d3RIA Nos termos e para os efeitos do disposto no art\u00ba 28\u00ba n\u00ba 3, art\u00ba 29\u00ba dos Estatutos da Associa\u00e7\u00e3o, e dos artigos 173\u00ba e 174\u00b0 do C\u00f3digo Civil, convoco os Associados para reunirem em Assembleia Geral Extraordin\u00e1ria da Associa\u00e7\u00e3o NORTE CRESCENTE \u2013 ASSOCIA\u00c7\u00c3O DE DESENVOLVIMENTO LOCAL, para o pr\u00f3ximo dia 10 de mar\u00e7o de 2025, \u00e0s 18 horas e 30 minutos, na sede da Associa\u00e7\u00e3o na Quinta do Norte, Rua do Monte Alegre, 9545-148 Capelas PDL, a fim de deliberar sobre a seguinte ordem do dia: Ponto 1 \u2013 Elei\u00e7\u00f5es para os \u00d3rg\u00e3os&hellip;<\/p>\n","category_list_v2":"<a href=\"https:\/\/nortecrescente.pt\/web\/category\/uncategorized\" rel=\"category tag\">Uncategorized<\/a>","author_info_v2":{"name":"Norte Crescente","url":"https:\/\/nortecrescente.pt\/web\/author\/adminnc2033"},"comments_num_v2":"0 comments","_links":{"self":[{"href":"https:\/\/nortecrescente.pt\/web\/wp-json\/wp\/v2\/posts\/3859"}],"collection":[{"href":"https:\/\/nortecrescente.pt\/web\/wp-json\/wp\/v2\/posts"}],"about":[{"href":"https:\/\/nortecrescente.pt\/web\/wp-json\/wp\/v2\/types\/post"}],"author":[{"embeddable":true,"href":"https:\/\/nortecrescente.pt\/web\/wp-json\/wp\/v2\/users\/1"}],"replies":[{"embeddable":true,"href":"https:\/\/nortecrescente.pt\/web\/wp-json\/wp\/v2\/comments?post=3859"}],"version-history":[{"count":2,"href":"https:\/\/nortecrescente.pt\/web\/wp-json\/wp\/v2\/posts\/3859\/revisions"}],"predecessor-version":[{"id":3875,"href":"https:\/\/nortecrescente.pt\/web\/wp-json\/wp\/v2\/posts\/3859\/revisions\/3875"}],"wp:featuredmedia":[{"embeddable":true,"href":"https:\/\/nortecrescente.pt\/web\/wp-json\/wp\/v2\/media\/3840"}],"wp:attachment":[{"href":"https:\/\/nortecrescente.pt\/web\/wp-json\/wp\/v2\/media?parent=3859"}],"wp:term":[{"taxonomy":"category","embeddable":true,"href":"https:\/\/nortecrescente.pt\/web\/wp-json\/wp\/v2\/categories?post=3859"},{"taxonomy":"post_tag","embeddable":true,"href":"https:\/\/nortecrescente.pt\/web\/wp-json\/wp\/v2\/tags?post=3859"}],"curies":[{"name":"wp","href":"https:\/\/api.w.org\/{rel}","templated":true}]}}