	{"id":3889,"date":"2025-06-12T09:57:03","date_gmt":"2025-06-12T10:57:03","guid":{"rendered":"https:\/\/nortecrescente.pt\/web\/?p=3889"},"modified":"2025-06-12T09:57:09","modified_gmt":"2025-06-12T10:57:09","slug":"evento-dia-da-crianca-2025","status":"publish","type":"post","link":"https:\/\/nortecrescente.pt\/web\/evento-dia-da-crianca-2025","title":{"rendered":"Evento Dia da Crian\u00e7a &#8211; 2025"},"content":{"rendered":"\n<p><strong>\u00a0com Muita Descoberta e Divers\u00e3o na Norte Crescente<\/strong><\/p>\n\n\n\n<p>A Associa\u00e7\u00e3o Norte Crescente dedicou a \u00faltima semana do m\u00eas de maio a homenagear aqueles que s\u00e3o o futuro: as crian\u00e7as. Durante a \u00faltima semana de maio, a&nbsp;Quinta do Norte encheu-se de alegria, cor, imagina\u00e7\u00e3o e muita descoberta de forma a assinalar o Dia da Crian\u00e7a.<\/p>\n\n\n\n<p>Este ano o tema escolhido&nbsp;para assinalar o Dia da Crian\u00e7a foi &#8220;Descobrindo o Mundo das Profiss\u00f5es&#8221;, proporcionando \u00e0s crian\u00e7as a oportunidade de mergulhar no mundo do faz de conta e a vivenciar o que \u00e9 ser guarda florestal, agricultor, pasteleiro, veterin\u00e1rio, cabeleireiro e cientista.&nbsp;&nbsp;&nbsp;<\/p>\n\n\n\n<p>Durante a semana, a Quinta do Norte recebeu as escolas das oito freguesias da costa norte do concelho de Ponta Delgada, permitindo que centenas de crian\u00e7as vivessem momentos de muita alegria e tamb\u00e9m de descoberta. No s\u00e1bado, os port\u00f5es da Quinta abriram-se a todas as fam\u00edlias, de forma a proporcionar uma oportunidade para pais, m\u00e3es, av\u00f3s e crian\u00e7as partilharem juntos todas as experi\u00eancias&nbsp;do mundo das profiss\u00f5es. Ao todo, participaram cerca de 423 pessoas, entre crian\u00e7as e adultos, num verdadeiro ambiente de alegria e aprendizagem.&nbsp;<\/p>\n\n\n\n<p>A Associa\u00e7\u00e3o Norte Crescente agradece a todos que participaram e contribu\u00edram&nbsp;para o sucesso deste evento, sendo sem d\u00favida um evento de verdadeira celebra\u00e7\u00e3o da inf\u00e2ncia, havendo, ainda, espa\u00e7o para proporcionar momentos especiais que fortalecem la\u00e7os familiares e la\u00e7os sociais.&nbsp;&nbsp;<\/p>\n\n\n\n<figure class=\"wp-container-2 wp-block-gallery-1 wp-block-gallery has-nested-images columns-default is-cropped\">\n<figure class=\"wp-block-image size-large\"><a href=\"https:\/\/nortecrescente.pt\/web\/wp-content\/uploads\/2025\/06\/DSC2445-1-scaled.jpg\"><img loading=\"lazy\" width=\"1024\" height=\"683\" data-id=\"3896\"  src=\"https:\/\/nortecrescente.pt\/web\/wp-content\/uploads\/2025\/06\/DSC2445-1-1024x683.jpg\" alt=\"\" class=\"wp-image-3896\" srcset=\"https:\/\/nortecrescente.pt\/web\/wp-content\/uploads\/2025\/06\/DSC2445-1-1024x683.jpg 1024w, https:\/\/nortecrescente.pt\/web\/wp-content\/uploads\/2025\/06\/DSC2445-1-300x200.jpg 300w, https:\/\/nortecrescente.pt\/web\/wp-content\/uploads\/2025\/06\/DSC2445-1-768x512.jpg 768w, https:\/\/nortecrescente.pt\/web\/wp-content\/uploads\/2025\/06\/DSC2445-1-1536x1024.jpg 1536w, https:\/\/nortecrescente.pt\/web\/wp-content\/uploads\/2025\/06\/DSC2445-1-2048x1365.jpg 2048w\" sizes=\"(max-width: 1024px) 100vw, 1024px\" \/><\/a><\/figure>\n\n\n\n<figure class=\"wp-block-image size-large\"><a href=\"https:\/\/nortecrescente.pt\/web\/wp-content\/uploads\/2025\/06\/DSC2472-1-scaled.jpg\"><img loading=\"lazy\" width=\"1024\" height=\"1001\" data-id=\"3894\"  src=\"https:\/\/nortecrescente.pt\/web\/wp-content\/uploads\/2025\/06\/DSC2472-1-1024x1001.jpg\" alt=\"\" class=\"wp-image-3894\" srcset=\"https:\/\/nortecrescente.pt\/web\/wp-content\/uploads\/2025\/06\/DSC2472-1-1024x1001.jpg 1024w, https:\/\/nortecrescente.pt\/web\/wp-content\/uploads\/2025\/06\/DSC2472-1-300x293.jpg 300w, https:\/\/nortecrescente.pt\/web\/wp-content\/uploads\/2025\/06\/DSC2472-1-768x751.jpg 768w, https:\/\/nortecrescente.pt\/web\/wp-content\/uploads\/2025\/06\/DSC2472-1-1536x1502.jpg 1536w, https:\/\/nortecrescente.pt\/web\/wp-content\/uploads\/2025\/06\/DSC2472-1-2048x2002.jpg 2048w\" sizes=\"(max-width: 1024px) 100vw, 1024px\" \/><\/a><\/figure>\n\n\n\n<figure class=\"wp-block-image size-large\"><a href=\"https:\/\/nortecrescente.pt\/web\/wp-content\/uploads\/2025\/06\/DSC2503-scaled.jpg\"><img loading=\"lazy\" width=\"1024\" height=\"688\" data-id=\"3893\"  src=\"https:\/\/nortecrescente.pt\/web\/wp-content\/uploads\/2025\/06\/DSC2503-1024x688.jpg\" alt=\"\" class=\"wp-image-3893\" srcset=\"https:\/\/nortecrescente.pt\/web\/wp-content\/uploads\/2025\/06\/DSC2503-1024x688.jpg 1024w, https:\/\/nortecrescente.pt\/web\/wp-content\/uploads\/2025\/06\/DSC2503-300x201.jpg 300w, https:\/\/nortecrescente.pt\/web\/wp-content\/uploads\/2025\/06\/DSC2503-768x516.jpg 768w, https:\/\/nortecrescente.pt\/web\/wp-content\/uploads\/2025\/06\/DSC2503-1536x1032.jpg 1536w, https:\/\/nortecrescente.pt\/web\/wp-content\/uploads\/2025\/06\/DSC2503-2048x1375.jpg 2048w\" sizes=\"(max-width: 1024px) 100vw, 1024px\" \/><\/a><\/figure>\n\n\n\n<figure class=\"wp-block-image size-large\"><a href=\"https:\/\/nortecrescente.pt\/web\/wp-content\/uploads\/2025\/06\/DSC2516-scaled.jpg\"><img loading=\"lazy\" width=\"1024\" height=\"721\" data-id=\"3895\"  src=\"https:\/\/nortecrescente.pt\/web\/wp-content\/uploads\/2025\/06\/DSC2516-1024x721.jpg\" alt=\"\" class=\"wp-image-3895\" srcset=\"https:\/\/nortecrescente.pt\/web\/wp-content\/uploads\/2025\/06\/DSC2516-1024x721.jpg 1024w, https:\/\/nortecrescente.pt\/web\/wp-content\/uploads\/2025\/06\/DSC2516-300x211.jpg 300w, https:\/\/nortecrescente.pt\/web\/wp-content\/uploads\/2025\/06\/DSC2516-768x541.jpg 768w, https:\/\/nortecrescente.pt\/web\/wp-content\/uploads\/2025\/06\/DSC2516-1536x1081.jpg 1536w, https:\/\/nortecrescente.pt\/web\/wp-content\/uploads\/2025\/06\/DSC2516-2048x1442.jpg 2048w\" sizes=\"(max-width: 1024px) 100vw, 1024px\" \/><\/a><\/figure>\n\n\n\n<figure class=\"wp-block-image size-large\"><a href=\"https:\/\/nortecrescente.pt\/web\/wp-content\/uploads\/2025\/06\/DSC2525-scaled.jpg\"><img loading=\"lazy\" width=\"791\" height=\"1024\" data-id=\"3897\"  src=\"https:\/\/nortecrescente.pt\/web\/wp-content\/uploads\/2025\/06\/DSC2525-791x1024.jpg\" alt=\"\" class=\"wp-image-3897\" srcset=\"https:\/\/nortecrescente.pt\/web\/wp-content\/uploads\/2025\/06\/DSC2525-791x1024.jpg 791w, https:\/\/nortecrescente.pt\/web\/wp-content\/uploads\/2025\/06\/DSC2525-232x300.jpg 232w, https:\/\/nortecrescente.pt\/web\/wp-content\/uploads\/2025\/06\/DSC2525-768x995.jpg 768w, https:\/\/nortecrescente.pt\/web\/wp-content\/uploads\/2025\/06\/DSC2525-1186x1536.jpg 1186w, https:\/\/nortecrescente.pt\/web\/wp-content\/uploads\/2025\/06\/DSC2525-1581x2048.jpg 1581w, https:\/\/nortecrescente.pt\/web\/wp-content\/uploads\/2025\/06\/DSC2525-scaled.jpg 1976w\" sizes=\"(max-width: 791px) 100vw, 791px\" \/><\/a><\/figure>\n<\/figure>\n\n\n\n<p style=\"font-size:6px\">Publicado: 7 junho de 2025<\/p>\n\n\n\n<p><\/p>\n","protected":false},"excerpt":{"rendered":"<p>\u00a0com Muita Descoberta e Divers\u00e3o na Norte Crescente A Associa\u00e7\u00e3o Norte Crescente dedicou a \u00faltima semana do m\u00eas de maio a homenagear aqueles que s\u00e3o o futuro: as crian\u00e7as. Durante &#8230;<\/p>\n","protected":false},"author":1,"featured_media":3900,"comment_status":"closed","ping_status":"closed","sticky":false,"template":"","format":"standard","meta":{"ngg_post_thumbnail":0},"categories":[1],"tags":[],"featured_image_urls":{"full":["https:\/\/nortecrescente.pt\/web\/wp-content\/uploads\/2025\/06\/DSC2516-1-scaled.jpg",2560,1802,false],"thumbnail":["https:\/\/nortecrescente.pt\/web\/wp-content\/uploads\/2025\/06\/DSC2516-1-150x150.jpg",150,150,true],"medium":["https:\/\/nortecrescente.pt\/web\/wp-content\/uploads\/2025\/06\/DSC2516-1-300x211.jpg",300,211,true],"medium_large":["https:\/\/nortecrescente.pt\/web\/wp-content\/uploads\/2025\/06\/DSC2516-1-768x541.jpg",768,541,true],"large":["https:\/\/nortecrescente.pt\/web\/wp-content\/uploads\/2025\/06\/DSC2516-1-1024x721.jpg",800,563,true],"1536x1536":["https:\/\/nortecrescente.pt\/web\/wp-content\/uploads\/2025\/06\/DSC2516-1-1536x1081.jpg",1536,1081,true],"2048x2048":["https:\/\/nortecrescente.pt\/web\/wp-content\/uploads\/2025\/06\/DSC2516-1-2048x1442.jpg",2048,1442,true],"onepress-blog-small":["https:\/\/nortecrescente.pt\/web\/wp-content\/uploads\/2025\/06\/DSC2516-1-300x150.jpg",300,150,true],"onepress-small":["https:\/\/nortecrescente.pt\/web\/wp-content\/uploads\/2025\/06\/DSC2516-1-480x300.jpg",480,300,true],"onepress-medium":["https:\/\/nortecrescente.pt\/web\/wp-content\/uploads\/2025\/06\/DSC2516-1-640x400.jpg",640,400,true]},"post_excerpt_stackable":"<p>\u00a0com Muita Descoberta e Divers\u00e3o na Norte Crescente A Associa\u00e7\u00e3o Norte Crescente dedicou a \u00faltima semana do m\u00eas de maio a homenagear aqueles que s\u00e3o o futuro: as crian\u00e7as. Durante a \u00faltima semana de maio, a&nbsp;Quinta do Norte encheu-se de alegria, cor, imagina\u00e7\u00e3o e muita descoberta de forma a assinalar o Dia da Crian\u00e7a. Este ano o tema escolhido&nbsp;para assinalar o Dia da Crian\u00e7a foi &#8220;Descobrindo o Mundo das Profiss\u00f5es&#8221;, proporcionando \u00e0s crian\u00e7as a oportunidade de mergulhar no mundo do faz de conta e a vivenciar o que \u00e9 ser guarda florestal, agricultor, pasteleiro, veterin\u00e1rio, cabeleireiro e cientista.&nbsp;&nbsp;&nbsp; Durante a&hellip;<\/p>\n","category_list":"<a href=\"https:\/\/nortecrescente.pt\/web\/category\/uncategorized\" rel=\"category tag\">Uncategorized<\/a>","author_info":{"name":"Norte Crescente","url":"https:\/\/nortecrescente.pt\/web\/author\/adminnc2033"},"comments_num":"0 comments","featured_image_urls_v2":{"full":["https:\/\/nortecrescente.pt\/web\/wp-content\/uploads\/2025\/06\/DSC2516-1-scaled.jpg",2560,1802,false],"thumbnail":["https:\/\/nortecrescente.pt\/web\/wp-content\/uploads\/2025\/06\/DSC2516-1-150x150.jpg",150,150,true],"medium":["https:\/\/nortecrescente.pt\/web\/wp-content\/uploads\/2025\/06\/DSC2516-1-300x211.jpg",300,211,true],"medium_large":["https:\/\/nortecrescente.pt\/web\/wp-content\/uploads\/2025\/06\/DSC2516-1-768x541.jpg",768,541,true],"large":["https:\/\/nortecrescente.pt\/web\/wp-content\/uploads\/2025\/06\/DSC2516-1-1024x721.jpg",800,563,true],"1536x1536":["https:\/\/nortecrescente.pt\/web\/wp-content\/uploads\/2025\/06\/DSC2516-1-1536x1081.jpg",1536,1081,true],"2048x2048":["https:\/\/nortecrescente.pt\/web\/wp-content\/uploads\/2025\/06\/DSC2516-1-2048x1442.jpg",2048,1442,true],"onepress-blog-small":["https:\/\/nortecrescente.pt\/web\/wp-content\/uploads\/2025\/06\/DSC2516-1-300x150.jpg",300,150,true],"onepress-small":["https:\/\/nortecrescente.pt\/web\/wp-content\/uploads\/2025\/06\/DSC2516-1-480x300.jpg",480,300,true],"onepress-medium":["https:\/\/nortecrescente.pt\/web\/wp-content\/uploads\/2025\/06\/DSC2516-1-640x400.jpg",640,400,true]},"post_excerpt_stackable_v2":"<p>\u00a0com Muita Descoberta e Divers\u00e3o na Norte Crescente A Associa\u00e7\u00e3o Norte Crescente dedicou a \u00faltima semana do m\u00eas de maio a homenagear aqueles que s\u00e3o o futuro: as crian\u00e7as. Durante a \u00faltima semana de maio, a&nbsp;Quinta do Norte encheu-se de alegria, cor, imagina\u00e7\u00e3o e muita descoberta de forma a assinalar o Dia da Crian\u00e7a. Este ano o tema escolhido&nbsp;para assinalar o Dia da Crian\u00e7a foi &#8220;Descobrindo o Mundo das Profiss\u00f5es&#8221;, proporcionando \u00e0s crian\u00e7as a oportunidade de mergulhar no mundo do faz de conta e a vivenciar o que \u00e9 ser guarda florestal, agricultor, pasteleiro, veterin\u00e1rio, cabeleireiro e cientista.&nbsp;&nbsp;&nbsp; Durante a&hellip;<\/p>\n","category_list_v2":"<a href=\"https:\/\/nortecrescente.pt\/web\/category\/uncategorized\" rel=\"category tag\">Uncategorized<\/a>","author_info_v2":{"name":"Norte Crescente","url":"https:\/\/nortecrescente.pt\/web\/author\/adminnc2033"},"comments_num_v2":"0 comments","_links":{"self":[{"href":"https:\/\/nortecrescente.pt\/web\/wp-json\/wp\/v2\/posts\/3889"}],"collection":[{"href":"https:\/\/nortecrescente.pt\/web\/wp-json\/wp\/v2\/posts"}],"about":[{"href":"https:\/\/nortecrescente.pt\/web\/wp-json\/wp\/v2\/types\/post"}],"author":[{"embeddable":true,"href":"https:\/\/nortecrescente.pt\/web\/wp-json\/wp\/v2\/users\/1"}],"replies":[{"embeddable":true,"href":"https:\/\/nortecrescente.pt\/web\/wp-json\/wp\/v2\/comments?post=3889"}],"version-history":[{"count":3,"href":"https:\/\/nortecrescente.pt\/web\/wp-json\/wp\/v2\/posts\/3889\/revisions"}],"predecessor-version":[{"id":3899,"href":"https:\/\/nortecrescente.pt\/web\/wp-json\/wp\/v2\/posts\/3889\/revisions\/3899"}],"wp:featuredmedia":[{"embeddable":true,"href":"https:\/\/nortecrescente.pt\/web\/wp-json\/wp\/v2\/media\/3900"}],"wp:attachment":[{"href":"https:\/\/nortecrescente.pt\/web\/wp-json\/wp\/v2\/media?parent=3889"}],"wp:term":[{"taxonomy":"category","embeddable":true,"href":"https:\/\/nortecrescente.pt\/web\/wp-json\/wp\/v2\/categories?post=3889"},{"taxonomy":"post_tag","embeddable":true,"href":"https:\/\/nortecrescente.pt\/web\/wp-json\/wp\/v2\/tags?post=3889"}],"curies":[{"name":"wp","href":"https:\/\/api.w.org\/{rel}","templated":true}]}}