	{"id":3920,"date":"2025-10-24T22:28:22","date_gmt":"2025-10-24T23:28:22","guid":{"rendered":"https:\/\/nortecrescente.pt\/web\/?p=3920"},"modified":"2025-10-24T22:29:25","modified_gmt":"2025-10-24T23:29:25","slug":"dia-do-animal-2025","status":"publish","type":"post","link":"https:\/\/nortecrescente.pt\/web\/dia-do-animal-2025","title":{"rendered":"Dia do Animal 2025"},"content":{"rendered":"\n<p>No \u00e2mbito da comemora\u00e7\u00e3o do Dia do Animal, prepar\u00e1mos uma atividade especial que partilh\u00e1mos com Creches, ATLs e Escolas com o objetivo de sensibilizar os mais pequenos para a import\u00e2ncia de cuidar com amor e respeito os animais.<\/p>\n\n\n\n<p>Uma hist\u00f3ria sobre um lobo e os seus amigos improv\u00e1veis.<\/p>\n\n\n\n<p>Atividade do \u201cveterin\u00e1rio\u201d, onde as crian\u00e7as cuidaram dos seus peluches com muito carinho.<\/p>\n\n\n\n<p>E, claro, os animais da nossa Quinta tamb\u00e9m fizeram parte da visita, proporcionando momentos de descoberta, alegria e liga\u00e7\u00e3o com a natureza.<\/p>\n\n\n\n<figure class=\"wp-container-2 wp-block-gallery-1 wp-block-gallery has-nested-images columns-default is-cropped\">\n<figure class=\"wp-block-image size-large\"><a href=\"https:\/\/nortecrescente.pt\/web\/wp-content\/uploads\/2025\/10\/557253345_1230000112503393_40426292098531442_n-1.jpg\"><img loading=\"lazy\" width=\"1024\" height=\"1024\" data-id=\"3924\"  src=\"https:\/\/nortecrescente.pt\/web\/wp-content\/uploads\/2025\/10\/557253345_1230000112503393_40426292098531442_n-1-1024x1024.jpg\" alt=\"\" class=\"wp-image-3924\" srcset=\"https:\/\/nortecrescente.pt\/web\/wp-content\/uploads\/2025\/10\/557253345_1230000112503393_40426292098531442_n-1-1024x1024.jpg 1024w, https:\/\/nortecrescente.pt\/web\/wp-content\/uploads\/2025\/10\/557253345_1230000112503393_40426292098531442_n-1-300x300.jpg 300w, https:\/\/nortecrescente.pt\/web\/wp-content\/uploads\/2025\/10\/557253345_1230000112503393_40426292098531442_n-1-150x150.jpg 150w, https:\/\/nortecrescente.pt\/web\/wp-content\/uploads\/2025\/10\/557253345_1230000112503393_40426292098531442_n-1-768x768.jpg 768w, https:\/\/nortecrescente.pt\/web\/wp-content\/uploads\/2025\/10\/557253345_1230000112503393_40426292098531442_n-1-1536x1536.jpg 1536w, https:\/\/nortecrescente.pt\/web\/wp-content\/uploads\/2025\/10\/557253345_1230000112503393_40426292098531442_n-1.jpg 1600w\" sizes=\"(max-width: 1024px) 100vw, 1024px\" \/><\/a><\/figure>\n\n\n\n<figure class=\"wp-block-image size-large\"><a href=\"https:\/\/nortecrescente.pt\/web\/wp-content\/uploads\/2025\/10\/557559312_1230000235836714_6556096982029267115_n.jpg\"><img loading=\"lazy\" width=\"1024\" height=\"1024\" data-id=\"3923\"  src=\"https:\/\/nortecrescente.pt\/web\/wp-content\/uploads\/2025\/10\/557559312_1230000235836714_6556096982029267115_n-1024x1024.jpg\" alt=\"\" class=\"wp-image-3923\" srcset=\"https:\/\/nortecrescente.pt\/web\/wp-content\/uploads\/2025\/10\/557559312_1230000235836714_6556096982029267115_n-1024x1024.jpg 1024w, https:\/\/nortecrescente.pt\/web\/wp-content\/uploads\/2025\/10\/557559312_1230000235836714_6556096982029267115_n-300x300.jpg 300w, https:\/\/nortecrescente.pt\/web\/wp-content\/uploads\/2025\/10\/557559312_1230000235836714_6556096982029267115_n-150x150.jpg 150w, https:\/\/nortecrescente.pt\/web\/wp-content\/uploads\/2025\/10\/557559312_1230000235836714_6556096982029267115_n-768x768.jpg 768w, https:\/\/nortecrescente.pt\/web\/wp-content\/uploads\/2025\/10\/557559312_1230000235836714_6556096982029267115_n-1536x1536.jpg 1536w, https:\/\/nortecrescente.pt\/web\/wp-content\/uploads\/2025\/10\/557559312_1230000235836714_6556096982029267115_n.jpg 1600w\" sizes=\"(max-width: 1024px) 100vw, 1024px\" \/><\/a><\/figure>\n\n\n\n<figure class=\"wp-block-image size-large\"><a href=\"https:\/\/nortecrescente.pt\/web\/wp-content\/uploads\/2025\/10\/558763713_1229999805836757_817115111276845297_n.jpg\"><img loading=\"lazy\" width=\"333\" height=\"590\" data-id=\"3922\"  src=\"https:\/\/nortecrescente.pt\/web\/wp-content\/uploads\/2025\/10\/558763713_1229999805836757_817115111276845297_n.jpg\" alt=\"\" class=\"wp-image-3922\" srcset=\"https:\/\/nortecrescente.pt\/web\/wp-content\/uploads\/2025\/10\/558763713_1229999805836757_817115111276845297_n.jpg 333w, https:\/\/nortecrescente.pt\/web\/wp-content\/uploads\/2025\/10\/558763713_1229999805836757_817115111276845297_n-169x300.jpg 169w\" sizes=\"(max-width: 333px) 100vw, 333px\" \/><\/a><\/figure>\n<\/figure>\n","protected":false},"excerpt":{"rendered":"<p>No \u00e2mbito da comemora\u00e7\u00e3o do Dia do Animal, prepar\u00e1mos uma atividade especial que partilh\u00e1mos com Creches, ATLs e Escolas com o objetivo de sensibilizar os mais pequenos para a import\u00e2ncia &#8230;<\/p>\n","protected":false},"author":1,"featured_media":3923,"comment_status":"closed","ping_status":"closed","sticky":false,"template":"","format":"standard","meta":{"ngg_post_thumbnail":0},"categories":[1],"tags":[],"featured_image_urls":{"full":["https:\/\/nortecrescente.pt\/web\/wp-content\/uploads\/2025\/10\/557559312_1230000235836714_6556096982029267115_n.jpg",1600,1600,false],"thumbnail":["https:\/\/nortecrescente.pt\/web\/wp-content\/uploads\/2025\/10\/557559312_1230000235836714_6556096982029267115_n-150x150.jpg",150,150,true],"medium":["https:\/\/nortecrescente.pt\/web\/wp-content\/uploads\/2025\/10\/557559312_1230000235836714_6556096982029267115_n-300x300.jpg",300,300,true],"medium_large":["https:\/\/nortecrescente.pt\/web\/wp-content\/uploads\/2025\/10\/557559312_1230000235836714_6556096982029267115_n-768x768.jpg",768,768,true],"large":["https:\/\/nortecrescente.pt\/web\/wp-content\/uploads\/2025\/10\/557559312_1230000235836714_6556096982029267115_n-1024x1024.jpg",800,800,true],"1536x1536":["https:\/\/nortecrescente.pt\/web\/wp-content\/uploads\/2025\/10\/557559312_1230000235836714_6556096982029267115_n-1536x1536.jpg",1536,1536,true],"2048x2048":["https:\/\/nortecrescente.pt\/web\/wp-content\/uploads\/2025\/10\/557559312_1230000235836714_6556096982029267115_n.jpg",1600,1600,false],"onepress-blog-small":["https:\/\/nortecrescente.pt\/web\/wp-content\/uploads\/2025\/10\/557559312_1230000235836714_6556096982029267115_n-300x150.jpg",300,150,true],"onepress-small":["https:\/\/nortecrescente.pt\/web\/wp-content\/uploads\/2025\/10\/557559312_1230000235836714_6556096982029267115_n-480x300.jpg",480,300,true],"onepress-medium":["https:\/\/nortecrescente.pt\/web\/wp-content\/uploads\/2025\/10\/557559312_1230000235836714_6556096982029267115_n-640x400.jpg",640,400,true]},"post_excerpt_stackable":"<p>No \u00e2mbito da comemora\u00e7\u00e3o do Dia do Animal, prepar\u00e1mos uma atividade especial que partilh\u00e1mos com Creches, ATLs e Escolas com o objetivo de sensibilizar os mais pequenos para a import\u00e2ncia de cuidar com amor e respeito os animais. Uma hist\u00f3ria sobre um lobo e os seus amigos improv\u00e1veis. Atividade do \u201cveterin\u00e1rio\u201d, onde as crian\u00e7as cuidaram dos seus peluches com muito carinho. E, claro, os animais da nossa Quinta tamb\u00e9m fizeram parte da visita, proporcionando momentos de descoberta, alegria e liga\u00e7\u00e3o com a natureza.<\/p>\n","category_list":"<a href=\"https:\/\/nortecrescente.pt\/web\/category\/uncategorized\" rel=\"category tag\">Uncategorized<\/a>","author_info":{"name":"Norte Crescente","url":"https:\/\/nortecrescente.pt\/web\/author\/adminnc2033"},"comments_num":"0 comments","featured_image_urls_v2":{"full":["https:\/\/nortecrescente.pt\/web\/wp-content\/uploads\/2025\/10\/557559312_1230000235836714_6556096982029267115_n.jpg",1600,1600,false],"thumbnail":["https:\/\/nortecrescente.pt\/web\/wp-content\/uploads\/2025\/10\/557559312_1230000235836714_6556096982029267115_n-150x150.jpg",150,150,true],"medium":["https:\/\/nortecrescente.pt\/web\/wp-content\/uploads\/2025\/10\/557559312_1230000235836714_6556096982029267115_n-300x300.jpg",300,300,true],"medium_large":["https:\/\/nortecrescente.pt\/web\/wp-content\/uploads\/2025\/10\/557559312_1230000235836714_6556096982029267115_n-768x768.jpg",768,768,true],"large":["https:\/\/nortecrescente.pt\/web\/wp-content\/uploads\/2025\/10\/557559312_1230000235836714_6556096982029267115_n-1024x1024.jpg",800,800,true],"1536x1536":["https:\/\/nortecrescente.pt\/web\/wp-content\/uploads\/2025\/10\/557559312_1230000235836714_6556096982029267115_n-1536x1536.jpg",1536,1536,true],"2048x2048":["https:\/\/nortecrescente.pt\/web\/wp-content\/uploads\/2025\/10\/557559312_1230000235836714_6556096982029267115_n.jpg",1600,1600,false],"onepress-blog-small":["https:\/\/nortecrescente.pt\/web\/wp-content\/uploads\/2025\/10\/557559312_1230000235836714_6556096982029267115_n-300x150.jpg",300,150,true],"onepress-small":["https:\/\/nortecrescente.pt\/web\/wp-content\/uploads\/2025\/10\/557559312_1230000235836714_6556096982029267115_n-480x300.jpg",480,300,true],"onepress-medium":["https:\/\/nortecrescente.pt\/web\/wp-content\/uploads\/2025\/10\/557559312_1230000235836714_6556096982029267115_n-640x400.jpg",640,400,true]},"post_excerpt_stackable_v2":"<p>No \u00e2mbito da comemora\u00e7\u00e3o do Dia do Animal, prepar\u00e1mos uma atividade especial que partilh\u00e1mos com Creches, ATLs e Escolas com o objetivo de sensibilizar os mais pequenos para a import\u00e2ncia de cuidar com amor e respeito os animais. Uma hist\u00f3ria sobre um lobo e os seus amigos improv\u00e1veis. Atividade do \u201cveterin\u00e1rio\u201d, onde as crian\u00e7as cuidaram dos seus peluches com muito carinho. E, claro, os animais da nossa Quinta tamb\u00e9m fizeram parte da visita, proporcionando momentos de descoberta, alegria e liga\u00e7\u00e3o com a natureza.<\/p>\n","category_list_v2":"<a href=\"https:\/\/nortecrescente.pt\/web\/category\/uncategorized\" rel=\"category tag\">Uncategorized<\/a>","author_info_v2":{"name":"Norte Crescente","url":"https:\/\/nortecrescente.pt\/web\/author\/adminnc2033"},"comments_num_v2":"0 comments","_links":{"self":[{"href":"https:\/\/nortecrescente.pt\/web\/wp-json\/wp\/v2\/posts\/3920"}],"collection":[{"href":"https:\/\/nortecrescente.pt\/web\/wp-json\/wp\/v2\/posts"}],"about":[{"href":"https:\/\/nortecrescente.pt\/web\/wp-json\/wp\/v2\/types\/post"}],"author":[{"embeddable":true,"href":"https:\/\/nortecrescente.pt\/web\/wp-json\/wp\/v2\/users\/1"}],"replies":[{"embeddable":true,"href":"https:\/\/nortecrescente.pt\/web\/wp-json\/wp\/v2\/comments?post=3920"}],"version-history":[{"count":1,"href":"https:\/\/nortecrescente.pt\/web\/wp-json\/wp\/v2\/posts\/3920\/revisions"}],"predecessor-version":[{"id":3925,"href":"https:\/\/nortecrescente.pt\/web\/wp-json\/wp\/v2\/posts\/3920\/revisions\/3925"}],"wp:featuredmedia":[{"embeddable":true,"href":"https:\/\/nortecrescente.pt\/web\/wp-json\/wp\/v2\/media\/3923"}],"wp:attachment":[{"href":"https:\/\/nortecrescente.pt\/web\/wp-json\/wp\/v2\/media?parent=3920"}],"wp:term":[{"taxonomy":"category","embeddable":true,"href":"https:\/\/nortecrescente.pt\/web\/wp-json\/wp\/v2\/categories?post=3920"},{"taxonomy":"post_tag","embeddable":true,"href":"https:\/\/nortecrescente.pt\/web\/wp-json\/wp\/v2\/tags?post=3920"}],"curies":[{"name":"wp","href":"https:\/\/api.w.org\/{rel}","templated":true}]}}